{"id":5451,"date":"2022-04-15T11:36:19","date_gmt":"2022-04-15T11:36:19","guid":{"rendered":"https:\/\/zweirad-kassel.de\/?p=5451"},"modified":"2023-01-19T15:06:28","modified_gmt":"2023-01-19T14:06:28","slug":"alles-auf-rot","status":"publish","type":"post","link":"https:\/\/rvmedia.de\/index.php\/2022\/04\/15\/alles-auf-rot\/","title":{"rendered":"Alles auf Rot"},"content":{"rendered":"\n<p>Wir schreiben das Jahr 2022 und alles bleibt gleich: Eine Wertung f\u00fcr die gesamte Serie. Am ersten Renntag der Elite, Amateure und der U19 war das Feld in Rot geh\u00fcllt. Neben der starken Truppe der MT Melsungen waren noch weitere Vereinsfarben in Rot am Start. Da f\u00fchlte man sich Gelb-Blau schon fast ein wenig verloren. Anders in der U19, hier bildeten unsere Jungs die gr\u00f6\u00dfte Gruppe \u2013&nbsp;und die H\u00e4lfte fehlte sogar noch wegen Urlaub. <\/p>\n\n\n\n<p>Die U19 machte sich auch als Erste auf die Reise. Sofort legen Karol und Alexander Goetz von der RSG Buchenau unwiderstehlich los. Keine Chance f\u00fcr Gian-Luca, Kalle, Kevin und Darius Wille von der MT Melsungen, eines der beiden Hinterr\u00e4der zu halten. In die erste Wertung retteten sich aber fast alle der U19. Hier zeigte Alexander Goetz seine ganze Sprintklasse und verwies Karol auf den zweiten Platz. Platz drei sicherte sich Darius Wille in nach einem harten Infight mit Gian-Luca nahe der Teerkante. &#8222;T\u00fcr zu machen&#8220; nennt sich das gewagte Man\u00f6ver. Cebula und Goetz konnten in die Elite-Klasse einfahren und kamen mit diesem Feld bis ins Ziel. In den Zwischensprints klare Vorteile f\u00fcr Cebula und ebenso eindeutig der Vorsprung im Zieleinlauf. Starker Sieg f\u00fcr Karol vor Goetz und Wille. <\/p>\n\n\n\n<p>Die Felder der Amateure und Elite sind leistungstechnisch in dieser Saison kaum voneinander zu unterscheiden. Hier darf sich der BDR gerne fragen, inwieweit sich die Regelung des Auf- und Abstiegs \u00fcberhaupt bew\u00e4hrt hat. Unserer Meinung nach viel Rauch um \u00fcberhaupt nichts; die Klasseneinteilung davor war noch sinnvoller. Daher unser Aufruf nach Frankfurt: Beendet dieses krude Drama, kein Neueinsteiger wird hierdurch zus\u00e4tzlich motiviert, Rennen zu fahren. Letztlich kann man Elite und Amateure zusammen starten, dies w\u00e4re in der derzeitigen Situation g\u00fcnstiger f\u00fcr Fahrer und Veranstalter. <\/p>\n\n\n\n<p>Einige Ausrei\u00dfversuche gab es sowohl aus dem MT-Lager als auch von weiteren Fahrern. Anders als in den Vorjahren war \u2013&nbsp;bis auf eine sch\u00f6n heraus gefahrene volle Wertung von Leonid Berlitz von der MT \u2013&nbsp;kein weiterer Versuch wirklich erfolgreich. Das Feld schlug insgesamt eine hohe Pace an; zu schwer, um sich alleine auf den Weg zu machen und vielleicht sogar eine \u00dcberrundung anzupeilen. &#8222;Eigentlich war ich da, um meine Jungs zu unterst\u00fctzen, aber die MT-Fahrer haben das clever gemacht. Dagegen war nichts zu machen&#8220;, sagte Sascha Jakat von der RV 1899 Hochheim, der auf Platz 4 fuhr. Und damit hatte er recht. Zu jedem Zeitpunkt hatte die Truppe von Roman Kuntschik und Vitus Obermann das Geschehen im Blick. Kuntschik sicherte sich am Ende ungef\u00e4hrdet den Sieg, w\u00e4hrend Patrick Altefrohne von TV Friesen Telgte sich dank den wertigeren letzten Punkten hauchd\u00fcnn vor Obermann behaupten konnte. Flei\u00dfpunkte im &#8222;Zeigen&#8220; durften sich noch Dominik Hofeditz vom RSC Fuldabr\u00fcck und Andr\u00e9 Hildmann von der ZG Kassel an das Trikot heften.<\/p>\n\n\n\n<p>Ein sch\u00f6ner Auftakt bei feinstem Rennwetter. Wir hoffen, dass auch die Rennen der Frauen, Senioren und der U-Klassen so gut besucht sind und dass wir das ganz Jahr so feinen Radrennsport mittwochs sehen d\u00fcrfen. Dank auch an Bastian Schalk f\u00fcr viele sch\u00f6ne Bilder. <\/p>\n\n\n\nngg_shortcode_0_placeholder\n","protected":false},"excerpt":{"rendered":"<p>Wir schreiben das Jahr 2022 und alles bleibt gleich: Eine Wertung f\u00fcr die gesamte Serie. Am ersten Renntag der Elite, Amateure und der U19 war das Feld in Rot geh\u00fcllt. Neben der starken Truppe der MT Melsungen waren noch weitere Vereinsfarben in Rot am Start. Da f\u00fchlte man sich Gelb-Blau schon fast ein wenig verloren. [&hellip;]<\/p>\n","protected":false},"author":1,"featured_media":5452,"comment_status":"closed","ping_status":"open","sticky":false,"template":"","format":"standard","meta":{"ngg_post_thumbnail":0,"footnotes":""},"categories":[9,10],"tags":[],"class_list":["post-5451","post","type-post","status-publish","format-standard","has-post-thumbnail","hentry","category-rennsport","category-rohloff"],"_links":{"self":[{"href":"https:\/\/rvmedia.de\/index.php\/wp-json\/wp\/v2\/posts\/5451","targetHints":{"allow":["GET"]}}],"collection":[{"href":"https:\/\/rvmedia.de\/index.php\/wp-json\/wp\/v2\/posts"}],"about":[{"href":"https:\/\/rvmedia.de\/index.php\/wp-json\/wp\/v2\/types\/post"}],"author":[{"embeddable":true,"href":"https:\/\/rvmedia.de\/index.php\/wp-json\/wp\/v2\/users\/1"}],"replies":[{"embeddable":true,"href":"https:\/\/rvmedia.de\/index.php\/wp-json\/wp\/v2\/comments?post=5451"}],"version-history":[{"count":1,"href":"https:\/\/rvmedia.de\/index.php\/wp-json\/wp\/v2\/posts\/5451\/revisions"}],"predecessor-version":[{"id":12148,"href":"https:\/\/rvmedia.de\/index.php\/wp-json\/wp\/v2\/posts\/5451\/revisions\/12148"}],"wp:featuredmedia":[{"embeddable":true,"href":"https:\/\/rvmedia.de\/index.php\/wp-json\/wp\/v2\/media\/5452"}],"wp:attachment":[{"href":"https:\/\/rvmedia.de\/index.php\/wp-json\/wp\/v2\/media?parent=5451"}],"wp:term":[{"taxonomy":"category","embeddable":true,"href":"https:\/\/rvmedia.de\/index.php\/wp-json\/wp\/v2\/categories?post=5451"},{"taxonomy":"post_tag","embeddable":true,"href":"https:\/\/rvmedia.de\/index.php\/wp-json\/wp\/v2\/tags?post=5451"}],"curies":[{"name":"wp","href":"https:\/\/api.w.org\/{rel}","templated":true}]}}