{"id":4757,"date":"2021-08-10T08:08:11","date_gmt":"2021-08-10T08:08:11","guid":{"rendered":"https:\/\/zweirad-kassel.de\/?p=4757"},"modified":"2023-02-04T16:12:18","modified_gmt":"2023-02-04T15:12:18","slug":"die-rtf-lebt","status":"publish","type":"post","link":"https:\/\/rvmedia.de\/index.php\/2021\/08\/10\/die-rtf-lebt\/","title":{"rendered":"Die RTF lebt"},"content":{"rendered":"\n<p>Irgendwie hat das Wort Radtourenfahrt \u2013 oder auch RTF \u2013&nbsp;f\u00fcr viele ein leicht angestaubtes Image. Warum eigentlich? Unserer Meinung nach gibt\u2019s daf\u00fcr definitiv keinen Grund. Betrachtet man etwa die Eintr\u00e4ge einiger Sportfreunde auf der beliebten Plattform Strava, dann erkennt man, dass immer wieder neue Strecken gesucht und gefahren werden und die Kilometerleistungen nicht zu knapp sind. Was liegt da n\u00e4her, als die Online-Welt wieder mit der realen eben durch eine RTF zu verkn\u00fcpfen?<\/p>\n\n\n\n<p>Genau das hat hervorragend am 08.08. geklappt. Fast <strong>220 Starter,<\/strong> davon <strong>30 auf der Marathonstrecke<\/strong> sind f\u00fcr uns ein schickes Ergebnis. \u00c4ltere Semester werden anf\u00fchren, dass fr\u00fcher \u2013&nbsp;ja fr\u00fcher \u2013 alles x-mal so gro\u00df war, aber das wollen wir nicht gelten lassen. Es liegt an uns Veranstaltern, ein attraktives Angebot zu machen. Daneben spielt immer das Wetter die entscheidende Rolle \u2013&nbsp;auch das hat an diesem Sonntag gestimmt. Insgesamt sind wir als Verein sicher, trotz der erneuten Corona-Einschr\u00e4nkungen ein schickes Event auf die Beine gestellt zu haben. Eines, das uns Mut macht, es weiter auszubauen und auch in den kommenden Jahren allen RadfahrerInnen von der kurzen Ausfahrt bis zur harten sportlichen Herausforderung jede Menge Radspa\u00df zu bieten.&nbsp;<\/p>\n\n\n\n<p>Danke an euch alle. An die vielen Fahrerinnen und Fahrer, an die Helferinnen und Helfer, an das Mitspielen vom F\u00e4hrmann in Hemeln, an das dortige Gasthaus zur F\u00e4hre und an die leckeren antialkoholischen Getr\u00e4nke von Krombacher. Ihr zusammen macht die Veranstaltung zu dem, was sie ist: eine der sch\u00f6nsten RTFs im ganzen Land.&nbsp;<\/p>\n\n\n\n<p>Danke.<\/p>\n","protected":false},"excerpt":{"rendered":"<p>Irgendwie hat das Wort Radtourenfahrt \u2013 oder auch RTF \u2013&nbsp;f\u00fcr viele ein leicht angestaubtes Image. Warum eigentlich? Unserer Meinung nach gibt\u2019s daf\u00fcr definitiv keinen Grund. Betrachtet man etwa die Eintr\u00e4ge einiger Sportfreunde auf der beliebten Plattform Strava, dann erkennt man, dass immer wieder neue Strecken gesucht und gefahren werden und die Kilometerleistungen nicht zu knapp [&hellip;]<\/p>\n","protected":false},"author":1,"featured_media":4758,"comment_status":"closed","ping_status":"open","sticky":false,"template":"","format":"standard","meta":{"ngg_post_thumbnail":0,"footnotes":""},"categories":[11],"tags":[],"class_list":["post-4757","post","type-post","status-publish","format-standard","has-post-thumbnail","hentry","category-rtf"],"_links":{"self":[{"href":"https:\/\/rvmedia.de\/index.php\/wp-json\/wp\/v2\/posts\/4757","targetHints":{"allow":["GET"]}}],"collection":[{"href":"https:\/\/rvmedia.de\/index.php\/wp-json\/wp\/v2\/posts"}],"about":[{"href":"https:\/\/rvmedia.de\/index.php\/wp-json\/wp\/v2\/types\/post"}],"author":[{"embeddable":true,"href":"https:\/\/rvmedia.de\/index.php\/wp-json\/wp\/v2\/users\/1"}],"replies":[{"embeddable":true,"href":"https:\/\/rvmedia.de\/index.php\/wp-json\/wp\/v2\/comments?post=4757"}],"version-history":[{"count":1,"href":"https:\/\/rvmedia.de\/index.php\/wp-json\/wp\/v2\/posts\/4757\/revisions"}],"predecessor-version":[{"id":12186,"href":"https:\/\/rvmedia.de\/index.php\/wp-json\/wp\/v2\/posts\/4757\/revisions\/12186"}],"wp:featuredmedia":[{"embeddable":true,"href":"https:\/\/rvmedia.de\/index.php\/wp-json\/wp\/v2\/media\/4758"}],"wp:attachment":[{"href":"https:\/\/rvmedia.de\/index.php\/wp-json\/wp\/v2\/media?parent=4757"}],"wp:term":[{"taxonomy":"category","embeddable":true,"href":"https:\/\/rvmedia.de\/index.php\/wp-json\/wp\/v2\/categories?post=4757"},{"taxonomy":"post_tag","embeddable":true,"href":"https:\/\/rvmedia.de\/index.php\/wp-json\/wp\/v2\/tags?post=4757"}],"curies":[{"name":"wp","href":"https:\/\/api.w.org\/{rel}","templated":true}]}}