{"id":454,"date":"2018-11-15T09:04:26","date_gmt":"2018-11-15T09:04:26","guid":{"rendered":"http:\/\/zweirad-kassel.de\/?p=454"},"modified":"2018-11-15T09:04:26","modified_gmt":"2018-11-15T09:04:26","slug":"juergen-hat-einen-lauf","status":"publish","type":"post","link":"https:\/\/rvmedia.de\/index.php\/2018\/11\/15\/juergen-hat-einen-lauf\/","title":{"rendered":"J\u00fcrgen hat einen Lauf"},"content":{"rendered":"<p>Beim zweiten Lauf der Braunschweiger Cross-Serie in <strong>Harxb\u00fcttel<\/strong> lieferte unser Masters 4 Matador sein \u2013&nbsp;Achtung \u2013&nbsp; schlechtestes Rennen in diesem Herbst ab: Rang 3. Zuvor konnte er gleich drei Mal auf den zweiten Platz fahren und schlie\u00dflich noch sein Superauftakt im Weser-Ems-Cup mit einem Sieg. Was kann man noch mehr erwarten?<\/p>\n<p><!--more--><\/p>\n<p><strong>Eine unglaubliche Serie.<\/strong> Die dazu noch am 11.11. mit einem weiteren Sieg im Weser-Ems-Cup garniert wurde. Wir sind gespannt. Was <strong>J\u00fcrgen<\/strong> bis zum Jahresende noch alles einf\u00e4llt, gewinnen zu m\u00fcssen. Schon jetzt ein <strong>DICKER APPLAUS<\/strong> f\u00fcr J\u00fcrgen.<\/p>\n<p>Und sonst? Auch Holger, Rainer, Ben, Lukas und Samuel waren in Harxb\u00fcttel unterwegs. Mit durchwachsenen Resultaten. Rainer hatte die Erk\u00e4ltung noch etwas in den Knochen, Ben mit erzwungenen Trainingsr\u00fcckstand \u2013&nbsp;da war nicht zu viel zu holen, auch wenn beide einige sehr gute Rennabschnitte fuhren. Holger k\u00e4mpft trotz seiner enorm gro\u00dfen Kraft noch immer mit den vielen spitzen Antritten, macht das aber insgesamt prima. Lukas f\u00e4hrt \u00bbjust for fun\u00ab mit, um die Erfahrungen mitzunehmen. Und Samuel hat nun richtig Druck auf dem Pedal (sieht klasse aus), leider aber nur f\u00fcr das erste Renndrittel, danach verl\u00e4sst unseren Stra\u00dfenexperten die Cross-Kraft.<\/p>\nngg_shortcode_0_placeholder\n","protected":false},"excerpt":{"rendered":"<p>Beim zweiten Lauf der Braunschweiger Cross-Serie in Harxb\u00fcttel lieferte unser Masters 4 Matador sein \u2013&nbsp;Achtung \u2013&nbsp; schlechtestes Rennen in diesem Herbst ab: Rang 3. Zuvor konnte er gleich drei Mal auf den zweiten Platz fahren und schlie\u00dflich noch sein Superauftakt im Weser-Ems-Cup mit einem Sieg. Was kann man noch mehr erwarten?<\/p>\n","protected":false},"author":1,"featured_media":1134,"comment_status":"closed","ping_status":"open","sticky":false,"template":"","format":"standard","meta":{"ngg_post_thumbnail":0,"footnotes":""},"categories":[9],"tags":[],"class_list":["post-454","post","type-post","status-publish","format-standard","has-post-thumbnail","hentry","category-rennsport"],"_links":{"self":[{"href":"https:\/\/rvmedia.de\/index.php\/wp-json\/wp\/v2\/posts\/454","targetHints":{"allow":["GET"]}}],"collection":[{"href":"https:\/\/rvmedia.de\/index.php\/wp-json\/wp\/v2\/posts"}],"about":[{"href":"https:\/\/rvmedia.de\/index.php\/wp-json\/wp\/v2\/types\/post"}],"author":[{"embeddable":true,"href":"https:\/\/rvmedia.de\/index.php\/wp-json\/wp\/v2\/users\/1"}],"replies":[{"embeddable":true,"href":"https:\/\/rvmedia.de\/index.php\/wp-json\/wp\/v2\/comments?post=454"}],"version-history":[{"count":0,"href":"https:\/\/rvmedia.de\/index.php\/wp-json\/wp\/v2\/posts\/454\/revisions"}],"wp:featuredmedia":[{"embeddable":true,"href":"https:\/\/rvmedia.de\/index.php\/wp-json\/wp\/v2\/media\/1134"}],"wp:attachment":[{"href":"https:\/\/rvmedia.de\/index.php\/wp-json\/wp\/v2\/media?parent=454"}],"wp:term":[{"taxonomy":"category","embeddable":true,"href":"https:\/\/rvmedia.de\/index.php\/wp-json\/wp\/v2\/categories?post=454"},{"taxonomy":"post_tag","embeddable":true,"href":"https:\/\/rvmedia.de\/index.php\/wp-json\/wp\/v2\/tags?post=454"}],"curies":[{"name":"wp","href":"https:\/\/api.w.org\/{rel}","templated":true}]}}