{"id":440,"date":"2018-09-19T06:34:16","date_gmt":"2018-09-19T06:34:16","guid":{"rendered":"http:\/\/zweirad-kassel.de\/?p=440"},"modified":"2018-09-19T06:34:16","modified_gmt":"2018-09-19T06:34:16","slug":"ergebnisdienst","status":"publish","type":"post","link":"https:\/\/rvmedia.de\/index.php\/2018\/09\/19\/ergebnisdienst\/","title":{"rendered":"Ergebnisdienst"},"content":{"rendered":"<p>Auch, wenn die Saison nun quasi zu Ende ist, gibt es doch noch einige vereinzelte Rennen, auf denen unsere Fahrer unterwegs sind \u2013 von allem mehr dann im Oktober, wenn die Crossl\u00e4ufe starten. Am Sonntag war <strong>Samuel<\/strong> in der Elite C beim Kriterium in Hanau am Start. Ein gutes Rennen von ihm, in dem er auch f\u00fcr 1,5 Runden einen sch\u00f6nen Akzent setzen konnte, leider war am Ende keine Kraft mehr da. Aber: wieder mehr Erfahrung, die sich im n\u00e4chsten Jahr auszahlen wird.<\/p>\n<p><!--more--><\/p>\n<p>J\u00fcrgen startete in der Masters 4 beim AWH-Stra\u00dfenrennen in Halle an der Saale. Und <strong>J\u00fcrgen<\/strong> war richtig gut. Bereits das ganze Jahr zeigt er seine Klasse, so auch in Halle. Am Ende muss er sich nur Uew Hecht und Hans-Peter Gr\u00fcning geschlagen geben. Ein klasse dritter Platz.<\/p>\n<p>Und noch <strong>Luca<\/strong>. Ihn trieb es auf dem MTB zum 3-T\u00e4ler-Marathon. Dort entschied er sich f\u00fcr die Sprintstrecke \u2013 also 32 km mit&nbsp;1:49:20 Stunden kam er als 11. seiner Altersklasse ins Ziel. Prima gemacht.&nbsp;<\/p>\n","protected":false},"excerpt":{"rendered":"<p>Auch, wenn die Saison nun quasi zu Ende ist, gibt es doch noch einige vereinzelte Rennen, auf denen unsere Fahrer unterwegs sind \u2013 von allem mehr dann im Oktober, wenn die Crossl\u00e4ufe starten. Am Sonntag war Samuel in der Elite C beim Kriterium in Hanau am Start. Ein gutes Rennen von ihm, in dem er [&hellip;]<\/p>\n","protected":false},"author":1,"featured_media":1188,"comment_status":"closed","ping_status":"open","sticky":false,"template":"","format":"standard","meta":{"ngg_post_thumbnail":0,"footnotes":""},"categories":[9],"tags":[],"class_list":["post-440","post","type-post","status-publish","format-standard","has-post-thumbnail","hentry","category-rennsport"],"_links":{"self":[{"href":"https:\/\/rvmedia.de\/index.php\/wp-json\/wp\/v2\/posts\/440","targetHints":{"allow":["GET"]}}],"collection":[{"href":"https:\/\/rvmedia.de\/index.php\/wp-json\/wp\/v2\/posts"}],"about":[{"href":"https:\/\/rvmedia.de\/index.php\/wp-json\/wp\/v2\/types\/post"}],"author":[{"embeddable":true,"href":"https:\/\/rvmedia.de\/index.php\/wp-json\/wp\/v2\/users\/1"}],"replies":[{"embeddable":true,"href":"https:\/\/rvmedia.de\/index.php\/wp-json\/wp\/v2\/comments?post=440"}],"version-history":[{"count":0,"href":"https:\/\/rvmedia.de\/index.php\/wp-json\/wp\/v2\/posts\/440\/revisions"}],"wp:featuredmedia":[{"embeddable":true,"href":"https:\/\/rvmedia.de\/index.php\/wp-json\/wp\/v2\/media\/1188"}],"wp:attachment":[{"href":"https:\/\/rvmedia.de\/index.php\/wp-json\/wp\/v2\/media?parent=440"}],"wp:term":[{"taxonomy":"category","embeddable":true,"href":"https:\/\/rvmedia.de\/index.php\/wp-json\/wp\/v2\/categories?post=440"},{"taxonomy":"post_tag","embeddable":true,"href":"https:\/\/rvmedia.de\/index.php\/wp-json\/wp\/v2\/tags?post=440"}],"curies":[{"name":"wp","href":"https:\/\/api.w.org\/{rel}","templated":true}]}}