{"id":3312,"date":"2020-07-02T07:50:34","date_gmt":"2020-07-02T07:50:34","guid":{"rendered":"http:\/\/zweirad-kassel.de\/?p=3312"},"modified":"2020-07-02T07:50:34","modified_gmt":"2020-07-02T07:50:34","slug":"leistung-im-blick","status":"publish","type":"post","link":"https:\/\/rvmedia.de\/index.php\/2020\/07\/02\/leistung-im-blick\/","title":{"rendered":"Leistung im Blick"},"content":{"rendered":"\n<div style=\"height:50px\" aria-hidden=\"true\" class=\"wp-block-spacer\"><\/div>\n\n\n\n<p>Der Landesverband rief und wir machten uns auf nach Darmstadt. Verbandstrainer Uwe Zocholl wollte sich einen \u00dcberblick \u00fcber die Leistungsf\u00e4higkeit der <strong>U15<\/strong> und <strong>U17 <\/strong>in Hessen machen. Und von der ZG boten sich <strong>Jan<\/strong> Drescher in der U15 sowie <strong>Karol<\/strong> Cebula und <strong>Johann<\/strong> Vogt f\u00fcr die U17 und bei den M\u00e4dels <strong>Annika<\/strong> Peter und <strong>Sophie<\/strong> Schwiefert durch prima Trainingsleistungen an.&nbsp;<\/p>\n\n\n\n<p>Dank des Busses von der Sportkreisjugend klappte die Reise in den S\u00fcden bestens. Und da der Tross fr\u00fchzeitig vor Ort war, ging es vorher noch intensiv auf das Diatest-Velodrom. Dort konnten Johann, Annika und Jan erste Bahnluft schnuppern und dank <strong>Enrico Langer<\/strong> von der SSG Bensheim klappte das Zusammenfahren im Rund schon nach kurzer Zeit.&nbsp;<\/p>\n\n\n\n<h3 class=\"wp-block-heading\">Der Step-Test<\/h3>\n\n\n\n<p>Ein Buzzword f\u00fcr die Messung der Leistungsf\u00e4higkeit von Ausdauersportlern ist seit langem \u00bb<strong>VO2max<\/strong>\u00ab, also wie viele Milliliter an Sauerstoff der K\u00f6rper bei Ausbelastung pro Minute und Kilogramm K\u00f6rpergewicht verwerten kann. Mit Hilfe der Auswertungen des Step-Tests kann man mittlerweile ohne gro\u00dfen Versuchsaufbau einer Spiroergometrie sehr genau diesen Wert bestimmen. Auch wenn klar ist, dass dieser Wert nur einer unter mehreren ist und f\u00fcr die Beurteilung einer tats\u00e4chlichen Ausdauerf\u00e4higkeit letztlich weitaus mehr Faktoren betrachtete werden m\u00fcssen, hat dieses Verfahren doch erhebliche Vorteile. So kann der Test mit geringsten Mitteln und quasi ohne Kosten durchgef\u00fchrt werden. Dadurch sind die Sportler selbst in der Lage ihre Entwicklungen \u00fcber eine Saison regelm\u00e4\u00dfig zu \u00fcberpr\u00fcfen.&nbsp;<\/p>\n\n\n\n<h3 class=\"wp-block-heading\">Schwei\u00dftreibend<\/h3>\n\n\n\n<p>Zwei Smart-Trainer standen f\u00fcr die Tests zur Auswahl und wurden an die jeweiligen R\u00e4der der SportlerInnen angepasst. Vorher noch zum Warmfahren auf die freie Rolle und dann ging es los. Stufe f\u00fcr Stufe mussten mehr Watt aufgebracht werden. Das sorgte schon schnell f\u00fcr eine flache Atmung und steigende Pulswerte. Alle 5 in Gelb-Blau gaben alles und k\u00e4mpften sich durch. Prima gemacht. Applaus. Im Anschluss konnten sich auch unser Nachwuchstrainer Roman und Verbandstrainer Uwe zum ersten Mal sehen und miteinander reden. Vorher gab es noch keine M\u00f6glichkeit und schlie\u00dflich soll es ja zu einem durchgehenden Austausch von Informationen von Nord nach S\u00fcd und umgekehrt kommen. Denn das vereins\u00fcbergreifende Ziel solcher Aktionen ist klar: Leistungsstarken, sowie -bereiten Sportlerinnen und Sportlern die Chance geben, im Landeskader zu fahren und sich dort weiter zu entwickeln. Dabei stehen f\u00fcr Roman und die ZG aber immer noch der <strong>Spa\u00df<\/strong> und die <strong>Eigenmotivation<\/strong> im Fokus. Wir wollen im Norden die Voraussetzungen schaffen, dass die SportlerInnen ihr Bestes geben k\u00f6nnen; wie viel das ist und f\u00fcr was es letztlich reichen wird, das hat jede(r) selbst in den Beinen. Kein Stress.&nbsp;<\/p>\n\n\n\n<h3 class=\"wp-block-heading\">Auf der Stra\u00dfe<\/h3>\n\n\n\n<p>Nachdem nun die theoretischen Werte ermittelt wurden, hei\u00dft es, diese in die Praxis umzusetzen. Daf\u00fcr werden wir in wenigen Wochen ein Zeitfahrtraining bei uns im Norden organisieren und dann hei\u00dft es f\u00fcr die s\u00fcdlichen Vereine: Ab auf die Reise nach Nordhessen. Wir sind gespannt.<\/p>\n\n\n\n<figure class=\"wp-block-gallery columns-3 is-cropped wp-block-gallery-1 is-layout-flex wp-block-gallery-is-layout-flex\"><ul class=\"blocks-gallery-grid\"><li class=\"blocks-gallery-item\"><figure><a href=\"http:\/\/zweirad-kassel.de\/wp-content\/uploads\/2020\/07\/P6270791.jpg\" target=\"_blank\" rel=\"noopener\"><img decoding=\"async\" src=\"http:\/\/zweirad-kassel.de\/wp-content\/uploads\/2020\/07\/P6270791.jpg\" alt=\"\" data-id=\"3314\" data-full-url=\"http:\/\/zweirad-kassel.de\/wp-content\/uploads\/2020\/07\/P6270791.jpg\" data-link=\"http:\/\/zweirad-kassel.de\/?attachment_id=3314\" class=\"wp-image-3314\" \/><\/a><figcaption class=\"blocks-gallery-item__caption\">OLYMPUS DIGITAL CAMERA<\/figcaption><\/figure><\/li><li class=\"blocks-gallery-item\"><figure><a href=\"http:\/\/zweirad-kassel.de\/wp-content\/uploads\/2020\/07\/P6270810.jpg\" target=\"_blank\" rel=\"noopener\"><img decoding=\"async\" src=\"http:\/\/zweirad-kassel.de\/wp-content\/uploads\/2020\/07\/P6270810.jpg\" alt=\"\" data-id=\"3315\" data-full-url=\"http:\/\/zweirad-kassel.de\/wp-content\/uploads\/2020\/07\/P6270810.jpg\" data-link=\"http:\/\/zweirad-kassel.de\/?attachment_id=3315\" class=\"wp-image-3315\" \/><\/a><figcaption class=\"blocks-gallery-item__caption\">OLYMPUS DIGITAL CAMERA<\/figcaption><\/figure><\/li><li class=\"blocks-gallery-item\"><figure><a href=\"http:\/\/zweirad-kassel.de\/wp-content\/uploads\/2020\/07\/P6270819.jpg\" target=\"_blank\" rel=\"noopener\"><img decoding=\"async\" src=\"http:\/\/zweirad-kassel.de\/wp-content\/uploads\/2020\/07\/P6270819.jpg\" alt=\"\" data-id=\"3316\" data-full-url=\"http:\/\/zweirad-kassel.de\/wp-content\/uploads\/2020\/07\/P6270819.jpg\" data-link=\"http:\/\/zweirad-kassel.de\/?attachment_id=3316\" class=\"wp-image-3316\" \/><\/a><figcaption class=\"blocks-gallery-item__caption\">OLYMPUS DIGITAL CAMERA<\/figcaption><\/figure><\/li><li class=\"blocks-gallery-item\"><figure><a href=\"http:\/\/zweirad-kassel.de\/wp-content\/uploads\/2020\/07\/P6270840.jpg\" target=\"_blank\" rel=\"noopener\"><img decoding=\"async\" src=\"http:\/\/zweirad-kassel.de\/wp-content\/uploads\/2020\/07\/P6270840.jpg\" alt=\"\" data-id=\"3317\" data-full-url=\"http:\/\/zweirad-kassel.de\/wp-content\/uploads\/2020\/07\/P6270840.jpg\" data-link=\"http:\/\/zweirad-kassel.de\/?attachment_id=3317\" class=\"wp-image-3317\" \/><\/a><figcaption class=\"blocks-gallery-item__caption\">OLYMPUS DIGITAL CAMERA<\/figcaption><\/figure><\/li><li class=\"blocks-gallery-item\"><figure><a href=\"http:\/\/zweirad-kassel.de\/wp-content\/uploads\/2020\/07\/P6270792.jpg\" target=\"_blank\" rel=\"noopener\"><img decoding=\"async\" src=\"http:\/\/zweirad-kassel.de\/wp-content\/uploads\/2020\/07\/P6270792.jpg\" alt=\"\" data-id=\"3318\" data-full-url=\"http:\/\/zweirad-kassel.de\/wp-content\/uploads\/2020\/07\/P6270792.jpg\" data-link=\"http:\/\/zweirad-kassel.de\/?attachment_id=3318\" class=\"wp-image-3318\" \/><\/a><figcaption class=\"blocks-gallery-item__caption\">OLYMPUS DIGITAL CAMERA<\/figcaption><\/figure><\/li><\/ul><\/figure>\n","protected":false},"excerpt":{"rendered":"<p>Der Landesverband rief und wir machten uns auf nach Darmstadt. Verbandstrainer Uwe Zocholl wollte sich einen \u00dcberblick \u00fcber die Leistungsf\u00e4higkeit der U15 und U17 in Hessen machen. Und von der ZG boten sich Jan Drescher in der U15 sowie Karol Cebula und Johann Vogt f\u00fcr die U17 und bei den M\u00e4dels Annika Peter und Sophie [&hellip;]<\/p>\n","protected":false},"author":1,"featured_media":3319,"comment_status":"closed","ping_status":"open","sticky":false,"template":"","format":"standard","meta":{"ngg_post_thumbnail":0,"footnotes":""},"categories":[7],"tags":[],"class_list":["post-3312","post","type-post","status-publish","format-standard","has-post-thumbnail","hentry","category-nachwuchs"],"_links":{"self":[{"href":"https:\/\/rvmedia.de\/index.php\/wp-json\/wp\/v2\/posts\/3312","targetHints":{"allow":["GET"]}}],"collection":[{"href":"https:\/\/rvmedia.de\/index.php\/wp-json\/wp\/v2\/posts"}],"about":[{"href":"https:\/\/rvmedia.de\/index.php\/wp-json\/wp\/v2\/types\/post"}],"author":[{"embeddable":true,"href":"https:\/\/rvmedia.de\/index.php\/wp-json\/wp\/v2\/users\/1"}],"replies":[{"embeddable":true,"href":"https:\/\/rvmedia.de\/index.php\/wp-json\/wp\/v2\/comments?post=3312"}],"version-history":[{"count":0,"href":"https:\/\/rvmedia.de\/index.php\/wp-json\/wp\/v2\/posts\/3312\/revisions"}],"wp:featuredmedia":[{"embeddable":true,"href":"https:\/\/rvmedia.de\/index.php\/wp-json\/wp\/v2\/media\/3319"}],"wp:attachment":[{"href":"https:\/\/rvmedia.de\/index.php\/wp-json\/wp\/v2\/media?parent=3312"}],"wp:term":[{"taxonomy":"category","embeddable":true,"href":"https:\/\/rvmedia.de\/index.php\/wp-json\/wp\/v2\/categories?post=3312"},{"taxonomy":"post_tag","embeddable":true,"href":"https:\/\/rvmedia.de\/index.php\/wp-json\/wp\/v2\/tags?post=3312"}],"curies":[{"name":"wp","href":"https:\/\/api.w.org\/{rel}","templated":true}]}}