{"id":33,"date":"2015-02-08T20:50:49","date_gmt":"2015-02-08T20:50:49","guid":{"rendered":"http:\/\/zweirad-kassel.de\/?p=33"},"modified":"2015-02-08T20:50:49","modified_gmt":"2015-02-08T20:50:49","slug":"jahreshauptversammlung-2014","status":"publish","type":"post","link":"https:\/\/rvmedia.de\/index.php\/2015\/02\/08\/jahreshauptversammlung-2014\/","title":{"rendered":"Jahreshauptversammlung 2014"},"content":{"rendered":"<p>Die Jahreshauptversammlung 2014 fand am 06. Februar 2015 statt.<\/p>\n<p>Kurz und knapp: Die Veranstaltungen in 2014, RTF, Radrenntag und Rohloff- Cup waren erfolgreich, mit guten Meldeergebnissen, finanziell im gr\u00fcnen Bereich. Unsere Gemeinschaftsveranstaltungen, das Helferfest und die Jahresabschlussfeier gut besucht. Die Mitgliederzahl ist leicht gesunken, wir hatten 6 Austritte und 3 Neumitglieder. Wir sind nach wie vor \u00fcberaltert, aber die Situation hat sich verbessert. Die Radsportschule der ZG im November\/ Dezember\u00a0beginnt zu wirken und wird im April fortgesetzt.\u00a0 Neuwahlen: 1. Vorsitzender: Bernd Hesse, 2. Vorsitzender: Werner Mogge, Kassierer: Hans- Peter Conrad, Schriftf\u00fchrer: Werner Schmidt, Rennsport: Sebastian Hesse, RTF: Heike Rose, Mountainbike: Joost Watteeuw, Radwandern: nicht besetzt. <\/p>\n<p>Der Rohloff- Cup findet wieder im gleichen Zeitraum und mit dem gleichen Modus statt.<\/p>\n<p>Der Radrenntag wird am 20. Juni oder dem 11. Juli stattfinden, wir haben aber noch keine Zusage f\u00fcr die Caldener Strecke.<\/p>\n<p>Die RTF findet am 19. Juli statt. Die Vereinser\u00f6ffnungsfahrt startet am 14 M\u00e4rz.<\/p>\n<p>Die sportliche Situation mit 2 Hessenkaderfahrern und einem B- Fahrer ist gut, aber nach oben ist noch Luft.<\/p>\n<p>In 2016 hat die ZG ein kleines Jubil\u00e4um, sie wird 60. Gedacht wird an eine vergr\u00f6\u00dferte Rennveranstaltung und ein Dampferfahrt f\u00fcr die Gemeinschaft.<\/p>\n","protected":false},"excerpt":{"rendered":"<p>Die Jahreshauptversammlung 2014 fand am 06. Februar 2015 statt. Kurz und knapp: Die Veranstaltungen in 2014, RTF, Radrenntag und Rohloff- Cup waren erfolgreich, mit guten Meldeergebnissen, finanziell im gr\u00fcnen Bereich. Unsere Gemeinschaftsveranstaltungen, das Helferfest und die Jahresabschlussfeier gut besucht. Die Mitgliederzahl ist leicht gesunken, wir hatten 6 Austritte und 3 Neumitglieder. Wir sind nach wie [&hellip;]<\/p>\n","protected":false},"author":1,"featured_media":0,"comment_status":"closed","ping_status":"open","sticky":false,"template":"","format":"standard","meta":{"ngg_post_thumbnail":0,"footnotes":""},"categories":[13],"tags":[],"class_list":["post-33","post","type-post","status-publish","format-standard","hentry","category-zgkassel"],"_links":{"self":[{"href":"https:\/\/rvmedia.de\/index.php\/wp-json\/wp\/v2\/posts\/33","targetHints":{"allow":["GET"]}}],"collection":[{"href":"https:\/\/rvmedia.de\/index.php\/wp-json\/wp\/v2\/posts"}],"about":[{"href":"https:\/\/rvmedia.de\/index.php\/wp-json\/wp\/v2\/types\/post"}],"author":[{"embeddable":true,"href":"https:\/\/rvmedia.de\/index.php\/wp-json\/wp\/v2\/users\/1"}],"replies":[{"embeddable":true,"href":"https:\/\/rvmedia.de\/index.php\/wp-json\/wp\/v2\/comments?post=33"}],"version-history":[{"count":0,"href":"https:\/\/rvmedia.de\/index.php\/wp-json\/wp\/v2\/posts\/33\/revisions"}],"wp:attachment":[{"href":"https:\/\/rvmedia.de\/index.php\/wp-json\/wp\/v2\/media?parent=33"}],"wp:term":[{"taxonomy":"category","embeddable":true,"href":"https:\/\/rvmedia.de\/index.php\/wp-json\/wp\/v2\/categories?post=33"},{"taxonomy":"post_tag","embeddable":true,"href":"https:\/\/rvmedia.de\/index.php\/wp-json\/wp\/v2\/tags?post=33"}],"curies":[{"name":"wp","href":"https:\/\/api.w.org\/{rel}","templated":true}]}}