{"id":2596,"date":"2019-07-26T11:23:58","date_gmt":"2019-07-26T11:23:58","guid":{"rendered":"http:\/\/zweirad-kassel.de\/?p=2596"},"modified":"2019-07-26T11:23:58","modified_gmt":"2019-07-26T11:23:58","slug":"kader-karol","status":"publish","type":"post","link":"https:\/\/rvmedia.de\/index.php\/2019\/07\/26\/kader-karol\/","title":{"rendered":"Kader Karol"},"content":{"rendered":"\n<p>An zwei Tagen gab es f\u00fcr <strong>Karol<\/strong> die Chance, sich f\u00fcr den <strong>Hessen-4er der U15<\/strong> f\u00fcr die Deutschen Meisterschaften im Zeitfahren in Genthin zu empfehlen. Bei so einer Einladung musste man selbstverst\u00e4ndlich zuschlagen, schon alleine um neue Rennsportluft zu schnuppern. Und weil dazu noch Detlef Hirsch die Einheiten am ersten Tag \u00fcbernehmen sollte, lie\u00df sich Roman nicht lange bitten, um Neues vom Profi zu lernen, schlie\u00dflich m\u00fcssen auch die Trainingseinheiten und -inhalte bei uns in Nordhessen immer wieder aufgefrischt werden. So ging es bei kuscheligen Temperaturen nach Darmstadt auf das Velodrom.<\/p>\n\n\n\n<p>Die ersten Einheiten am <strong>Mittwoch<\/strong> waren vom Findungsprozess gepr\u00e4gt. Viel zu weit noch die Abst\u00e4nde zwischen den Fahrern, zu kraftraubend die Wechsel. Dies aber besserte sich von Einheit zu Einheit und mit immer h\u00f6heren Durchschnittsgeschwindigkeiten. Am Ende des Tages sah das treiben im Rund des VC Darmstadt schon recht fl\u00fcssig aus. Im Anschluss freuten sich die Kids darauf, die Kohlenhydratspeicher wieder zu f\u00fcllen, um dann in der Jugendherberge in Zwingenberg eine tropische Nacht zu \u00fcberstehen \u2013&nbsp;vorher aber noch schnell eine Abk\u00fchlung im See. <\/p>\n\n\n\n<p>Der <strong>Donnerstag<\/strong> begann mit \u00e4hnlichen Temperaturen, wie der Mittwoch endete. Klare Sache: Das Training musste am Mittag zu Ende sein, danach waren mehr als 40 Grad prognostiziert. Roman durfte an diesem Vormittag die Jungs anleiten, wobei die Inhalte \u00e4hnlich dem Vortag waren, schlie\u00dflich musste sich das Gelernte verfestigen. Die Jungs waren flei\u00dfig und besonders konzentriert im 4. Trainingslauf, und so wurde die anvisierte Fahrzeit bei vorgew\u00e4hlten 43 m\/h im Durchschnitt quasi auf den Punkt erreicht. Exzellent. Danach: Schnell etwas essen und dann nichts wie rein in den k\u00fchlenden Badesee. So sch\u00f6n k\u00f6nnen Trainingstage in den Ferien sein.<\/p>\n\n\n\n<p>Fazit: Zwei tolle Tage, an denen Karol seine Qualit\u00e4ten zeigen konnte. Und zwei Tage, die dank der prima Organisation von HRV-Rennsportfachwart Matthias Penteker Lust auf mehr machten. Danke f\u00fcr das Engagement <strong>Matthias<\/strong>, <strong>Petra<\/strong>, <strong>Detlef, Enrico<\/strong> und an alle anderen. Nordhessen hat Spa\u00df gehabt im S\u00fcden.<\/p>\n\n\n\n<ul class=\"wp-block-gallery columns-3 is-cropped wp-block-gallery-1 is-layout-flex wp-block-gallery-is-layout-flex\"><li class=\"blocks-gallery-item\"><figure><img decoding=\"async\" src=\"http:\/\/zweirad-kassel.de\/wp-content\/uploads\/2019\/07\/P2100889-1024x768.jpg\" alt=\"\" data-id=\"2599\" data-link=\"http:\/\/zweirad-kassel.de\/?attachment_id=2599\" class=\"wp-image-2599\" \/><\/figure><\/li><li class=\"blocks-gallery-item\"><figure><img decoding=\"async\" src=\"http:\/\/zweirad-kassel.de\/wp-content\/uploads\/2019\/07\/P2100896-1024x768.jpg\" alt=\"\" data-id=\"2600\" data-link=\"http:\/\/zweirad-kassel.de\/?attachment_id=2600\" class=\"wp-image-2600\" \/><\/figure><\/li><li class=\"blocks-gallery-item\"><figure><img decoding=\"async\" src=\"http:\/\/zweirad-kassel.de\/wp-content\/uploads\/2019\/07\/P2100897-1024x768.jpg\" alt=\"\" data-id=\"2601\" data-link=\"http:\/\/zweirad-kassel.de\/?attachment_id=2601\" class=\"wp-image-2601\" \/><\/figure><\/li><li class=\"blocks-gallery-item\"><figure><img decoding=\"async\" src=\"http:\/\/zweirad-kassel.de\/wp-content\/uploads\/2019\/07\/P2100922-1024x768.jpg\" alt=\"\" data-id=\"2602\" data-link=\"http:\/\/zweirad-kassel.de\/?attachment_id=2602\" class=\"wp-image-2602\" \/><\/figure><\/li><li class=\"blocks-gallery-item\"><figure><img decoding=\"async\" src=\"http:\/\/zweirad-kassel.de\/wp-content\/uploads\/2019\/07\/P2100926-1024x768.jpg\" alt=\"\" data-id=\"2603\" data-link=\"http:\/\/zweirad-kassel.de\/?attachment_id=2603\" class=\"wp-image-2603\" \/><\/figure><\/li><li class=\"blocks-gallery-item\"><figure><img decoding=\"async\" src=\"http:\/\/zweirad-kassel.de\/wp-content\/uploads\/2019\/07\/P2100946-1024x768.jpg\" alt=\"\" data-id=\"2604\" data-link=\"http:\/\/zweirad-kassel.de\/?attachment_id=2604\" class=\"wp-image-2604\" \/><\/figure><\/li><\/ul>\n","protected":false},"excerpt":{"rendered":"<p>An zwei Tagen gab es f\u00fcr Karol die Chance, sich f\u00fcr den Hessen-4er der U15 f\u00fcr die Deutschen Meisterschaften im Zeitfahren in Genthin zu empfehlen. Bei so einer Einladung musste man selbstverst\u00e4ndlich zuschlagen, schon alleine um neue Rennsportluft zu schnuppern. Und weil dazu noch Detlef Hirsch die Einheiten am ersten Tag \u00fcbernehmen sollte, lie\u00df sich [&hellip;]<\/p>\n","protected":false},"author":1,"featured_media":2598,"comment_status":"closed","ping_status":"open","sticky":false,"template":"","format":"standard","meta":{"ngg_post_thumbnail":0,"footnotes":""},"categories":[7],"tags":[],"class_list":["post-2596","post","type-post","status-publish","format-standard","has-post-thumbnail","hentry","category-nachwuchs"],"_links":{"self":[{"href":"https:\/\/rvmedia.de\/index.php\/wp-json\/wp\/v2\/posts\/2596","targetHints":{"allow":["GET"]}}],"collection":[{"href":"https:\/\/rvmedia.de\/index.php\/wp-json\/wp\/v2\/posts"}],"about":[{"href":"https:\/\/rvmedia.de\/index.php\/wp-json\/wp\/v2\/types\/post"}],"author":[{"embeddable":true,"href":"https:\/\/rvmedia.de\/index.php\/wp-json\/wp\/v2\/users\/1"}],"replies":[{"embeddable":true,"href":"https:\/\/rvmedia.de\/index.php\/wp-json\/wp\/v2\/comments?post=2596"}],"version-history":[{"count":0,"href":"https:\/\/rvmedia.de\/index.php\/wp-json\/wp\/v2\/posts\/2596\/revisions"}],"wp:featuredmedia":[{"embeddable":true,"href":"https:\/\/rvmedia.de\/index.php\/wp-json\/wp\/v2\/media\/2598"}],"wp:attachment":[{"href":"https:\/\/rvmedia.de\/index.php\/wp-json\/wp\/v2\/media?parent=2596"}],"wp:term":[{"taxonomy":"category","embeddable":true,"href":"https:\/\/rvmedia.de\/index.php\/wp-json\/wp\/v2\/categories?post=2596"},{"taxonomy":"post_tag","embeddable":true,"href":"https:\/\/rvmedia.de\/index.php\/wp-json\/wp\/v2\/tags?post=2596"}],"curies":[{"name":"wp","href":"https:\/\/api.w.org\/{rel}","templated":true}]}}