{"id":1730,"date":"2019-02-26T16:50:02","date_gmt":"2019-02-26T16:50:02","guid":{"rendered":"http:\/\/zweirad-kassel.de\/?p=1730"},"modified":"2019-02-26T16:50:02","modified_gmt":"2019-02-26T16:50:02","slug":"harte-arbeit","status":"publish","type":"post","link":"https:\/\/rvmedia.de\/index.php\/2019\/02\/26\/harte-arbeit\/","title":{"rendered":"Harte Arbeit"},"content":{"rendered":"\n<p>Nach dem zweiten langen Trainingswochenende ist jetzt erstmal wieder ein wenig Ruhe f\u00fcr unsere Jungs und M\u00e4dels angesagt. Wie haben sehr viele Kranke aktuell, die Grippewelle hat glatt noch mal zugeschlagen und Erk\u00e4ltung l\u00e4uft leider momentan auch sehr gut. Dass dennoch gute Anwesensheitszahlen \u00fcber das Wochenende erreicht wurden freut uns daher umso mehr.<\/p>\n\n\n\n<p>Am Donnerstag zeigte sich in der Athletik\u00fcberpr\u00fcfung, dass unsere \u00bbGro\u00dfen\u00ab gleichbleibend fit sind und die \u00bbKleinen\u00ab sich prima steigern konnten im Vergleich zu vor zwei Wochen. Interessant k\u00f6nnte der 10. M\u00e4rz f\u00fcr Maurice, Sophie und Jan werden, wenn der Athletikwettkampf der Hessen in Korbach ansteht. Der freit\u00e4gliche \u00bbNight-Ride\u00ab machte dann den gemeinsamen Auftakt, bevor es Samstag und Sonntag wieder in Gruppenteilung des Nachwuchses mit Roman und den Erwachsenen ging. Fabian leitete die Gruppe am Samstag und Holger am Sonntag. Danke f\u00fcr den tollen Einsatz.\u00a0<\/p>\n\n\n\n<h4 class=\"wp-block-heading\">Fazit<\/h4>\n\n\n\n<p>Solche 4-t\u00e4gigen Trainingswochenenden sind nat\u00fcrlich was ganz anderes als etwa unsere vergangenen Trainingslager auf Mallorca oder auch im letzten Jahr auf dem Sensenstein. Je n\u00e4her man an Zuhause ist, desto mehr Ablenkung vom eigentlichen Trainings gibt es auch und umso leichter sagt sich der ein oder andere: \u00bbLass heute mal gut sein, \u00fcbermorgen ist auch noch ein Tag.\u00ab Daher hat ein Trainingslager in einer entfernten Location einige Vorteile. Dann aber muss man sich an Ferientermine halten, die gerade in diesem Jahr nicht besonders vorteilhaft f\u00fcr eine gute Vorbereitung sind \u2013&nbsp;der gr\u00f6\u00dfte und der entscheidende Nachteil. Insgesamt waren die 8 Tage sehr erfreulich und Rainer und Roman denken, dass die richtigen Impulse gesetzt wurden. Wem jetzt noch die Vorbereitungsk\u00f6rner fehlen, der wei\u00df nun, was zu tun ist. Die ersten Rennen werden es zeigen. Los geht&#8217;s am 10. M\u00e4rz.<\/p>\n","protected":false},"excerpt":{"rendered":"<p>Nach dem zweiten langen Trainingswochenende ist jetzt erstmal wieder ein wenig Ruhe f\u00fcr unsere Jungs und M\u00e4dels angesagt. Wie haben sehr viele Kranke aktuell, die Grippewelle hat glatt noch mal zugeschlagen und Erk\u00e4ltung l\u00e4uft leider momentan auch sehr gut. Dass dennoch gute Anwesensheitszahlen \u00fcber das Wochenende erreicht wurden freut uns daher umso mehr. Am Donnerstag [&hellip;]<\/p>\n","protected":false},"author":1,"featured_media":1752,"comment_status":"closed","ping_status":"open","sticky":false,"template":"","format":"standard","meta":{"ngg_post_thumbnail":0,"footnotes":""},"categories":[13],"tags":[],"class_list":["post-1730","post","type-post","status-publish","format-standard","has-post-thumbnail","hentry","category-zgkassel"],"_links":{"self":[{"href":"https:\/\/rvmedia.de\/index.php\/wp-json\/wp\/v2\/posts\/1730","targetHints":{"allow":["GET"]}}],"collection":[{"href":"https:\/\/rvmedia.de\/index.php\/wp-json\/wp\/v2\/posts"}],"about":[{"href":"https:\/\/rvmedia.de\/index.php\/wp-json\/wp\/v2\/types\/post"}],"author":[{"embeddable":true,"href":"https:\/\/rvmedia.de\/index.php\/wp-json\/wp\/v2\/users\/1"}],"replies":[{"embeddable":true,"href":"https:\/\/rvmedia.de\/index.php\/wp-json\/wp\/v2\/comments?post=1730"}],"version-history":[{"count":0,"href":"https:\/\/rvmedia.de\/index.php\/wp-json\/wp\/v2\/posts\/1730\/revisions"}],"wp:featuredmedia":[{"embeddable":true,"href":"https:\/\/rvmedia.de\/index.php\/wp-json\/wp\/v2\/media\/1752"}],"wp:attachment":[{"href":"https:\/\/rvmedia.de\/index.php\/wp-json\/wp\/v2\/media?parent=1730"}],"wp:term":[{"taxonomy":"category","embeddable":true,"href":"https:\/\/rvmedia.de\/index.php\/wp-json\/wp\/v2\/categories?post=1730"},{"taxonomy":"post_tag","embeddable":true,"href":"https:\/\/rvmedia.de\/index.php\/wp-json\/wp\/v2\/tags?post=1730"}],"curies":[{"name":"wp","href":"https:\/\/api.w.org\/{rel}","templated":true}]}}