{"id":162,"date":"2016-02-15T12:33:53","date_gmt":"2016-02-15T12:33:53","guid":{"rendered":"http:\/\/zweirad-kassel.de\/?p=162"},"modified":"2016-02-15T12:33:53","modified_gmt":"2016-02-15T12:33:53","slug":"wir-bewegen-kassel","status":"publish","type":"post","link":"https:\/\/rvmedia.de\/index.php\/2016\/02\/15\/wir-bewegen-kassel\/","title":{"rendered":"Wir bewegen Kassel"},"content":{"rendered":"<p>&#8222;Volles Haus&#8220; hie\u00df es auf der gestrigen <strong>Bike-Expo 2016<\/strong> in der Kasseler Stadthalle. Als um 11 Uhr die T\u00fcren f\u00fcr das Publikum \u00f6ffneten, gab es kein Halten mehr \u2013 die Menschen str\u00f6mten in die Ausstellungsr\u00e4ume hinein und am Einlass bildeten sich lange Schlangen. F\u00fcr den Veranstalter und alle Aussteller also eine mehr als gelungene Veranstaltung.&nbsp;<\/p>\n<p><!--more--><\/p>\n<p>Mit enormer Unterst\u00fctzung von <strong>Rainer Jacob<\/strong> und <a href=\"http:\/\/www.computer-extra.de\" target=\"_blank\" rel=\"noopener noreferrer\">Computer Extra&nbsp;<\/a>konnten wir unseren Stand in einen tollen Anlaufpunkt f\u00fcr die vielen G\u00e4ste verwandeln. Rainer sorgte daf\u00fcr, dass die beiden Ergometer vor Ort waren und gekoppelt werden konnten, dass ein gro\u00dfer Bildschirm mit Computer und Internetanschluss zur Verf\u00fcgung stand und das auch sonst alles Technische tiptop funktionierte. Unterst\u00fctzung, Abteilung: unbezahlbar. Danke, Rainer.&nbsp;<\/p>\n<p>Bereits kurz nach der Er\u00f6ffnung durften wir auf unserem Ergometer prominenten Besuch begr\u00fc\u00dfen \u2013 <strong>Christoph Nolda<\/strong> gab sich die Ehre und wettradelete mit einem weiteren Gast um die schnellste Ankunft auf dem virtuellen Berg. Der Kasseler Bauderzernent ist ma\u00dfgeblich f\u00fcr das Radeln in Kassel zust\u00e4ndig; sch\u00f6n, dass er sich die Zeit nahm. Wir w\u00fcnschen uns in Zukunft noch mehr Unterst\u00fctzung f\u00fcr alle Radfahrer in Kassel. Wir konnten von Gro\u00df bis Klein viele Testfahrer gewinnen, haben viele gute Gespr\u00e4che gef\u00fchrt und ebenso viel Infomaterial \u00fcber die Zweirad-Gemeinschaft in Umlauf gebracht. Kurzum: diese Bike-Expo hat sich f\u00fcr uns gelohnt.<\/p>\n<p>&nbsp;<\/p>\n\n\nngg_shortcode_0_placeholder\n","protected":false},"excerpt":{"rendered":"<p>&#8222;Volles Haus&#8220; hie\u00df es auf der gestrigen Bike-Expo 2016 in der Kasseler Stadthalle. Als um 11 Uhr die T\u00fcren f\u00fcr das Publikum \u00f6ffneten, gab es kein Halten mehr \u2013 die Menschen str\u00f6mten in die Ausstellungsr\u00e4ume hinein und am Einlass bildeten sich lange Schlangen. F\u00fcr den Veranstalter und alle Aussteller also eine mehr als gelungene Veranstaltung.&nbsp;<\/p>\n","protected":false},"author":1,"featured_media":10715,"comment_status":"closed","ping_status":"open","sticky":false,"template":"","format":"standard","meta":{"ngg_post_thumbnail":3990,"footnotes":""},"categories":[13],"tags":[],"class_list":["post-162","post","type-post","status-publish","format-standard","has-post-thumbnail","hentry","category-zgkassel"],"_links":{"self":[{"href":"https:\/\/rvmedia.de\/index.php\/wp-json\/wp\/v2\/posts\/162","targetHints":{"allow":["GET"]}}],"collection":[{"href":"https:\/\/rvmedia.de\/index.php\/wp-json\/wp\/v2\/posts"}],"about":[{"href":"https:\/\/rvmedia.de\/index.php\/wp-json\/wp\/v2\/types\/post"}],"author":[{"embeddable":true,"href":"https:\/\/rvmedia.de\/index.php\/wp-json\/wp\/v2\/users\/1"}],"replies":[{"embeddable":true,"href":"https:\/\/rvmedia.de\/index.php\/wp-json\/wp\/v2\/comments?post=162"}],"version-history":[{"count":0,"href":"https:\/\/rvmedia.de\/index.php\/wp-json\/wp\/v2\/posts\/162\/revisions"}],"wp:featuredmedia":[{"embeddable":true,"href":"https:\/\/rvmedia.de\/index.php\/wp-json\/wp\/v2\/media\/10715"}],"wp:attachment":[{"href":"https:\/\/rvmedia.de\/index.php\/wp-json\/wp\/v2\/media?parent=162"}],"wp:term":[{"taxonomy":"category","embeddable":true,"href":"https:\/\/rvmedia.de\/index.php\/wp-json\/wp\/v2\/categories?post=162"},{"taxonomy":"post_tag","embeddable":true,"href":"https:\/\/rvmedia.de\/index.php\/wp-json\/wp\/v2\/tags?post=162"}],"curies":[{"name":"wp","href":"https:\/\/api.w.org\/{rel}","templated":true}]}}