{"id":157,"date":"2016-02-07T08:48:25","date_gmt":"2016-02-07T08:48:25","guid":{"rendered":"http:\/\/zweirad-kassel.de\/?p=157"},"modified":"2016-02-07T08:48:25","modified_gmt":"2016-02-07T08:48:25","slug":"so-lief-die-jahreshauptversammlung-2016","status":"publish","type":"post","link":"https:\/\/rvmedia.de\/index.php\/2016\/02\/07\/so-lief-die-jahreshauptversammlung-2016\/","title":{"rendered":"So lief die Jahreshauptversammlung 2016"},"content":{"rendered":"<p>Am vergangenen Freitag, den 5. Februar, fand in den R\u00e4umen der ACTheke in der Wimmelstra\u00dfe die diesj\u00e4hrige Jahreshauptversammlung statt. Der Vorstand der Zweirad-Gemeinschaft um Bernd Hesse und Werner Mogge zog ein positives Fazit des vergangenen Jahres. Sportlich wurden auf hessischer Ebene mit einem <strong>Hessischen Meister<\/strong>, einem Vizemeistertitel und einem dritten Platz sehr gute Ergebnisse in 2015 eingefahren. Dass in diesem Jahr nun der st\u00e4rkste Fahrer der ZG, <strong>Leo Mayrhofer,<\/strong> f\u00fcr das RegioTeam der MT Melsungen antreten wird, wird eine gro\u00dfe L\u00fccke in die Leistungsf\u00e4higkeit des Rennsportbereichs rei\u00dfen. Dies zu kompensieren wird nicht einfach sein. Die Zweirad-Gemeinschaft sieht verst\u00e4rkt in der <strong>F\u00f6rderung des Jugendradsports<\/strong> sowie im Ausbau des <strong>Breitensports<\/strong> eine Zukunft.\u00a0Besonders der Jugendbereich war bereits in 2015 extrem stark und wird durch die gute Basis der bestehende Fahrer und Neuzug\u00e4nge in den kommenden Wochen wohl noch einmal an Klasse gewinnen.<\/p>\n<p><!--more--><\/p>\n<p>Die von der Zweirad-Gemeinschaft organisierten <strong>Rennen und Veranstaltungen<\/strong> waren allesamt ein Erfolg und trugen so ma\u00dfgeblich dazu bei, dass Kassenwart Hans-Peter Conrad ein sehr gutes Ergebnis pr\u00e4sentieren konnte. Der <strong>Rohloff-Cup<\/strong> ist dabei sicher die bekannteste Werbung f\u00fcr den Radsport in Kassel und mit dem Kasseler <strong>Radrenntag auf dem Caldener Flugplatz<\/strong> konnte f\u00fcr alle Aktiven eine hervorragende Veranstaltung organisiert werden. Ebenso gut wurde die <strong>RTF<\/strong> der Zweirad-Gemeinschaft von Heike Rose und ihrem Team geplant und durchgef\u00fchrt \u2013 allein der Wettergott hatte kein Einsehen; durch die au\u00dfergew\u00f6hnlich schlechte Witterung fiel diese Veranstaltung buchst\u00e4blich ins Wasser. Allesamt Rennen, welche in 2016 weiter durchgef\u00fchrt werden. Zus\u00e4tzlich in der Planung: ein Rennen f\u00fcr Mountainbiker und Cross-Fahrer. Ein Gel\u00e4nde w\u00e4re greifbar, was sich bereits in mehreren Rennen bew\u00e4hrt hatte, die von Aktiven verschiedener Kasseler Vereine gemeinsam geplant wurden.<\/p>\n<p>Und auch <strong>Personal\u00e4nderungen<\/strong> wurden beschlossen. So gab <strong>Werner Schmidt nach 30 Jahren<\/strong> aktiven Einsatzes f\u00fcr die ZG den Posten des Pressewarts auf. Dar\u00fcber hinaus war Werner seit dem Beginn des Rohloff-Cups der Ansprechpartner f\u00fcr alle Fahrer und fehlte bei nicht einem einzigen Rennen an der Strecke. Sein Amt \u00fcbernimmt <strong>Roman V\u00f6lker<\/strong>. Neuer Ansprechpartner f\u00fcr die Mountainbike-Freunde und gleichzeitig Jugendwart ist <strong>Rainer Jacob<\/strong>. Er \u00fcbernimmt das Amt von Joost Watteeuw und fungierte bereits seit langem f\u00fcr die gro\u00dfe Gruppe der Mountainbiker in Wolfhagen als Kontaktperson. In der dritten Neuwahl des Abends schlie\u00dflich musste das Amt des Ansprechpartners f\u00fcr die <strong>RTF-Radler<\/strong> besetzt werden. In <strong>Udo Sch\u00e4fer<\/strong> konnte ein RTFler mit viel Know-how gefunden werden. Allen drei \u00bbNeuen\u00ab w\u00fcnscht die ZG viel Spa\u00df an der Vereinsarbeit. Das n\u00e4chste gemeinsame Gro\u00dfereignis wird das\u00a0Trainingslager der Zweirad-Gemeinschaft auf Mallorca in wenigen Wochen \u2013 perfekt organisiert von Rainer Jakob. Hier k\u00f6nnen sich die Fahrer sicher bereits mit dem von<strong> Joost Watteeuw<\/strong> entworfenen <strong>neuen<\/strong> <strong>Trikots<\/strong> pr\u00e4sentieren, die dank der Unterst\u00fctzung der vielen <strong>Sponsoren<\/strong> bestellt werden konnten. Die ZG dankt allen Sponsoren, Freunden, Passiven und Aktiven.<\/p>\n<p><i>[foldergallery folder=&#8220;.\/Bilder\/JHV_2016&#8243; title=&#8220;Alle Bilder&#8220;]<\/i><\/p>\n","protected":false},"excerpt":{"rendered":"<p>Am vergangenen Freitag, den 5. Februar, fand in den R\u00e4umen der ACTheke in der Wimmelstra\u00dfe die diesj\u00e4hrige Jahreshauptversammlung statt. Der Vorstand der Zweirad-Gemeinschaft um Bernd Hesse und Werner Mogge zog ein positives Fazit des vergangenen Jahres. Sportlich wurden auf hessischer Ebene mit einem Hessischen Meister, einem Vizemeistertitel und einem dritten Platz sehr gute Ergebnisse in [&hellip;]<\/p>\n","protected":false},"author":1,"featured_media":0,"comment_status":"closed","ping_status":"open","sticky":false,"template":"","format":"standard","meta":{"ngg_post_thumbnail":0,"footnotes":""},"categories":[13],"tags":[],"class_list":["post-157","post","type-post","status-publish","format-standard","hentry","category-zgkassel"],"_links":{"self":[{"href":"https:\/\/rvmedia.de\/index.php\/wp-json\/wp\/v2\/posts\/157","targetHints":{"allow":["GET"]}}],"collection":[{"href":"https:\/\/rvmedia.de\/index.php\/wp-json\/wp\/v2\/posts"}],"about":[{"href":"https:\/\/rvmedia.de\/index.php\/wp-json\/wp\/v2\/types\/post"}],"author":[{"embeddable":true,"href":"https:\/\/rvmedia.de\/index.php\/wp-json\/wp\/v2\/users\/1"}],"replies":[{"embeddable":true,"href":"https:\/\/rvmedia.de\/index.php\/wp-json\/wp\/v2\/comments?post=157"}],"version-history":[{"count":0,"href":"https:\/\/rvmedia.de\/index.php\/wp-json\/wp\/v2\/posts\/157\/revisions"}],"wp:attachment":[{"href":"https:\/\/rvmedia.de\/index.php\/wp-json\/wp\/v2\/media?parent=157"}],"wp:term":[{"taxonomy":"category","embeddable":true,"href":"https:\/\/rvmedia.de\/index.php\/wp-json\/wp\/v2\/categories?post=157"},{"taxonomy":"post_tag","embeddable":true,"href":"https:\/\/rvmedia.de\/index.php\/wp-json\/wp\/v2\/tags?post=157"}],"curies":[{"name":"wp","href":"https:\/\/api.w.org\/{rel}","templated":true}]}}