{"id":15126,"date":"2026-03-20T10:16:45","date_gmt":"2026-03-20T09:16:45","guid":{"rendered":"https:\/\/rvmedia.de\/?p=15126"},"modified":"2026-03-20T10:17:02","modified_gmt":"2026-03-20T09:17:02","slug":"herford-mal-wieder","status":"publish","type":"post","link":"https:\/\/rvmedia.de\/index.php\/2026\/03\/20\/herford-mal-wieder\/","title":{"rendered":"Herford mal wieder"},"content":{"rendered":"\n<p>Eines der stets ganz fr\u00fchen Rennen findet in Herford statt. Schon jedes Wetter gab\u2018s in den vergangenen Jahren dort f\u00fcr die Fahrerinnen und Fahrer zu bestaunen. <strong>Niklas<\/strong> in der <strong>U19<\/strong> hatte in diesem Jahr das zweifelhafte Vergn\u00fcgen, bei noch zartem Nebel und 5 Grad Au\u00dfentemperatur am Start zu stehen. Noch \u201esch\u00f6ner\u201c f\u00fcr ihn: Das Feld der Amateure war gleichzeitig mit am Start&nbsp;\u2013&nbsp;eine, sagen wir mal, eher ungl\u00fcckliche Konstellation. Keine unn\u00f6tigen Risiken eingehen, war daher angesagt.<\/p>\n\n\n\n<p>Aber Niklas ist in diesem Jahr derart fit, dass er solche Voraussetzungen einfach entspannt hinnehmen kann. Das Rennen entwickelte sich ob der gro\u00dfen Anzahl der Fahrer etwas hektisch, aber Niklas war ganz cool und immer mit dabei. Noch im Ziel gab es keinen sortenreinen Einlauf und so sprang f\u00fcr ihn zwar \u201enur\u201c <strong>Platz 20<\/strong> auf dem Papier raus, aber wenn man die Amateure aus dem Kopf l\u00f6scht, dann war das ein eindeutig zeitgleicher Einlauf der ersten 23 U19-Fahrer. Entsprechend zufrieden war Niklas danach. Er wei\u00df schon zu Saisonanfang: er kann auch in einem starken Feld mitgehen. So macht das richtig Spa\u00df.<\/p>\n\n\n\n<p>Danach am Start: die <strong>U17<\/strong> und <strong>Finn<\/strong>. Ein exquisites Starterfeld und auch hier die blau-gelbe Devise: Auf dem Rad bleiben, keine Irrsinnsaktionen, die Saison ist noch lang. Finn hatte am Ende der zweiten Runde Pech, dass er den Zug nicht mitbekam, und fand sich dann in einer F\u00fcnfergruppe wieder. Die machten ihre Sache gut und Finn war derjenige, der die Gruppe immer wieder nach Start\/Ziel \u00fcber den Anstieg f\u00fchrte. Fast h\u00e4tten sie das Feld sogar noch erwischt, aber eben auch nur fast \u2013 daf\u00fcr m\u00fcssen aber alle arbeiten. Dennoch keine Tragik. Vorn machte Daan Ensenbach schnell den Deckel drauf und erarbeitete sich einen Rundengewinn, dahinter gab es ein kleines B\u00fctgener 3er-Mannschaftszeitfahren und dann kamen Hauptfeld und die Verfolger mit Finn ins Ziel. Auch Finns Form passt also prima. Denn nimmt man die Ausnahmek\u00f6nner heraus, <strong>ist Finn absolut bei der Musik dabei.<\/strong> Ein richtig guter Auftakt f\u00fcr ihn in 2026.<\/p>\n\n\n\n<p>F\u00fcr <strong>Mattis<\/strong> in der <strong>U15<\/strong> war es dagegen ein wirklich gebrauchter Tag. Er ist ja unser \u201eRennwelpe\u201c und hat das erste Lehrjahr vor der Brust, daher gilt f\u00fcr ihn immer: Rennkilometer sammeln und dabei sein ist alles. Schon nach der ersten Runde war es aber dieses Mal einfach zu viel. Das starke Feld gab sofort Vollgas und dahinter kam mit Dampf die starke U13-Meute. Mental zu viel Druck, da machten auch die Beine zu. Nachdem sich der Rauch im Kopf gesenkt hatte, war Mattis aber wieder hellwach und analytisch bei sich. Sein Ziel f\u00fcr das n\u00e4chste Rennen ist es, bis zum Ende dabeizubleiben. Dabei werden ihm die Rennen im Rohloff-Cup sicher helfen. Da sind wir ganz sicher. Kopf hoch.<\/p>\n\n\n\n<p>Auch <strong>Maxi<\/strong> musste sich in der <strong>U13<\/strong> einer starken Konkurrenz stellen. Die aber hatte er die gesamte Renndistanz voll im Griff. Exzellent zog er ein ums andere Mal das Feld \u00fcber den Anstieg, nahm dann ganz profim\u00e4\u00dfig raus, rollte mit. Da waren doch alle gespannt, wie das Finale wohl gefahren w\u00fcrde. Leider lief es f\u00fcr Maxi nicht nach Plan. Im Massensprint fehlte ihm der letzte Kick, <strong>Platz 8<\/strong>. Ob er sich noch viel mehr im Feld verstecken muss? Oder doch fr\u00fcher das Heil in der Flucht suchen? Das gilt es zu besprechen, denn ein Platz auf dem Podium w\u00e4re an diesem Tag absolut realistisch f\u00fcr ihn gewesen. Dennoch muss man das jetzt nicht dramatisieren, es ist schlie\u00dflich erst M\u00e4rz. Alle mal die Ruhe bewahren und durchatmen.<\/p>\n\n\n\n<p>Und die<strong> blau-gelben M\u00e4nner<\/strong>? Andreas in der Masters 3 unkte schon vor dem Start: \u201eWenn ich bei meinem schmerzenden R\u00fccken zwei Runden schaffe, ist das schon gut.\u201c Schluss war dann bereits nach Runde eins. Abhaken, weiter geht\u2019s. Weiterhin musste auch Christoph spontan wegen Krankheit passen. Insgesamt w\u00e4ren zwei bis drei mehr am Start sch\u00f6n gewesen, aber was nicht ist, kann ja im Saisonverlauf sicher noch werden.<\/p>\n\n\n\n<figure class=\"wp-block-gallery has-nested-images columns-default is-cropped wp-block-gallery-1 is-layout-flex wp-block-gallery-is-layout-flex\">\n<figure class=\"wp-block-image size-large\"><a href=\"https:\/\/rvmedia.de\/wp-content\/uploads\/2026\/03\/OEM51326.jpg\"><img loading=\"lazy\" decoding=\"async\" width=\"1024\" height=\"768\" data-id=\"15132\" src=\"https:\/\/rvmedia.de\/wp-content\/uploads\/2026\/03\/OEM51326.jpg\" alt=\"\" class=\"wp-image-15132\" srcset=\"https:\/\/rvmedia.de\/wp-content\/uploads\/2026\/03\/OEM51326.jpg 1024w, https:\/\/rvmedia.de\/wp-content\/uploads\/2026\/03\/OEM51326-300x225.jpg 300w, https:\/\/rvmedia.de\/wp-content\/uploads\/2026\/03\/OEM51326-768x576.jpg 768w\" sizes=\"auto, (max-width: 1024px) 100vw, 1024px\" \/><\/a><\/figure>\n\n\n\n<figure class=\"wp-block-image size-large\"><a href=\"https:\/\/rvmedia.de\/wp-content\/uploads\/2026\/03\/OEM51305.jpg\"><img loading=\"lazy\" decoding=\"async\" width=\"1024\" height=\"768\" data-id=\"15128\" src=\"https:\/\/rvmedia.de\/wp-content\/uploads\/2026\/03\/OEM51305.jpg\" alt=\"\" class=\"wp-image-15128\" srcset=\"https:\/\/rvmedia.de\/wp-content\/uploads\/2026\/03\/OEM51305.jpg 1024w, https:\/\/rvmedia.de\/wp-content\/uploads\/2026\/03\/OEM51305-300x225.jpg 300w, https:\/\/rvmedia.de\/wp-content\/uploads\/2026\/03\/OEM51305-768x576.jpg 768w\" sizes=\"auto, (max-width: 1024px) 100vw, 1024px\" \/><\/a><\/figure>\n\n\n\n<figure class=\"wp-block-image size-large\"><a href=\"https:\/\/rvmedia.de\/wp-content\/uploads\/2026\/03\/OEM51317.jpg\"><img loading=\"lazy\" decoding=\"async\" width=\"1024\" height=\"768\" data-id=\"15127\" src=\"https:\/\/rvmedia.de\/wp-content\/uploads\/2026\/03\/OEM51317.jpg\" alt=\"\" class=\"wp-image-15127\" srcset=\"https:\/\/rvmedia.de\/wp-content\/uploads\/2026\/03\/OEM51317.jpg 1024w, https:\/\/rvmedia.de\/wp-content\/uploads\/2026\/03\/OEM51317-300x225.jpg 300w, https:\/\/rvmedia.de\/wp-content\/uploads\/2026\/03\/OEM51317-768x576.jpg 768w\" sizes=\"auto, (max-width: 1024px) 100vw, 1024px\" \/><\/a><\/figure>\n\n\n\n<figure class=\"wp-block-image size-large\"><a href=\"https:\/\/rvmedia.de\/wp-content\/uploads\/2026\/03\/OEM51318.jpg\"><img loading=\"lazy\" decoding=\"async\" width=\"1024\" height=\"768\" data-id=\"15134\" src=\"https:\/\/rvmedia.de\/wp-content\/uploads\/2026\/03\/OEM51318.jpg\" alt=\"\" class=\"wp-image-15134\" srcset=\"https:\/\/rvmedia.de\/wp-content\/uploads\/2026\/03\/OEM51318.jpg 1024w, https:\/\/rvmedia.de\/wp-content\/uploads\/2026\/03\/OEM51318-300x225.jpg 300w, https:\/\/rvmedia.de\/wp-content\/uploads\/2026\/03\/OEM51318-768x576.jpg 768w\" sizes=\"auto, (max-width: 1024px) 100vw, 1024px\" \/><\/a><\/figure>\n\n\n\n<figure class=\"wp-block-image size-large\"><a href=\"https:\/\/rvmedia.de\/wp-content\/uploads\/2026\/03\/OEM51322.jpg\"><img loading=\"lazy\" decoding=\"async\" width=\"1024\" height=\"768\" data-id=\"15129\" src=\"https:\/\/rvmedia.de\/wp-content\/uploads\/2026\/03\/OEM51322.jpg\" alt=\"\" class=\"wp-image-15129\" srcset=\"https:\/\/rvmedia.de\/wp-content\/uploads\/2026\/03\/OEM51322.jpg 1024w, https:\/\/rvmedia.de\/wp-content\/uploads\/2026\/03\/OEM51322-300x225.jpg 300w, https:\/\/rvmedia.de\/wp-content\/uploads\/2026\/03\/OEM51322-768x576.jpg 768w\" sizes=\"auto, (max-width: 1024px) 100vw, 1024px\" \/><\/a><\/figure>\n\n\n\n<figure class=\"wp-block-image size-large\"><a href=\"https:\/\/rvmedia.de\/wp-content\/uploads\/2026\/03\/OEM51328.jpg\"><img loading=\"lazy\" decoding=\"async\" width=\"1024\" height=\"768\" data-id=\"15131\" src=\"https:\/\/rvmedia.de\/wp-content\/uploads\/2026\/03\/OEM51328.jpg\" alt=\"\" class=\"wp-image-15131\" srcset=\"https:\/\/rvmedia.de\/wp-content\/uploads\/2026\/03\/OEM51328.jpg 1024w, https:\/\/rvmedia.de\/wp-content\/uploads\/2026\/03\/OEM51328-300x225.jpg 300w, https:\/\/rvmedia.de\/wp-content\/uploads\/2026\/03\/OEM51328-768x576.jpg 768w\" sizes=\"auto, (max-width: 1024px) 100vw, 1024px\" \/><\/a><\/figure>\n\n\n\n<figure class=\"wp-block-image size-large\"><a href=\"https:\/\/rvmedia.de\/wp-content\/uploads\/2026\/03\/OEM51341.jpg\"><img loading=\"lazy\" decoding=\"async\" width=\"1024\" height=\"768\" data-id=\"15133\" src=\"https:\/\/rvmedia.de\/wp-content\/uploads\/2026\/03\/OEM51341.jpg\" alt=\"\" class=\"wp-image-15133\" srcset=\"https:\/\/rvmedia.de\/wp-content\/uploads\/2026\/03\/OEM51341.jpg 1024w, https:\/\/rvmedia.de\/wp-content\/uploads\/2026\/03\/OEM51341-300x225.jpg 300w, https:\/\/rvmedia.de\/wp-content\/uploads\/2026\/03\/OEM51341-768x576.jpg 768w\" sizes=\"auto, (max-width: 1024px) 100vw, 1024px\" \/><\/a><\/figure>\n<\/figure>\n","protected":false},"excerpt":{"rendered":"<p>Eines der stets ganz fr\u00fchen Rennen findet in Herford statt. Schon jedes Wetter gab\u2018s in den vergangenen Jahren dort f\u00fcr die Fahrerinnen und Fahrer zu bestaunen. Niklas in der U19 hatte in diesem Jahr das zweifelhafte Vergn\u00fcgen, bei noch zartem Nebel und 5 Grad Au\u00dfentemperatur am Start zu stehen. Noch \u201esch\u00f6ner\u201c f\u00fcr ihn: Das Feld [&hellip;]<\/p>\n","protected":false},"author":1,"featured_media":15130,"comment_status":"closed","ping_status":"open","sticky":false,"template":"","format":"standard","meta":{"ngg_post_thumbnail":0,"footnotes":""},"categories":[7,9],"tags":[],"class_list":["post-15126","post","type-post","status-publish","format-standard","has-post-thumbnail","hentry","category-nachwuchs","category-rennsport"],"_links":{"self":[{"href":"https:\/\/rvmedia.de\/index.php\/wp-json\/wp\/v2\/posts\/15126","targetHints":{"allow":["GET"]}}],"collection":[{"href":"https:\/\/rvmedia.de\/index.php\/wp-json\/wp\/v2\/posts"}],"about":[{"href":"https:\/\/rvmedia.de\/index.php\/wp-json\/wp\/v2\/types\/post"}],"author":[{"embeddable":true,"href":"https:\/\/rvmedia.de\/index.php\/wp-json\/wp\/v2\/users\/1"}],"replies":[{"embeddable":true,"href":"https:\/\/rvmedia.de\/index.php\/wp-json\/wp\/v2\/comments?post=15126"}],"version-history":[{"count":1,"href":"https:\/\/rvmedia.de\/index.php\/wp-json\/wp\/v2\/posts\/15126\/revisions"}],"predecessor-version":[{"id":15135,"href":"https:\/\/rvmedia.de\/index.php\/wp-json\/wp\/v2\/posts\/15126\/revisions\/15135"}],"wp:featuredmedia":[{"embeddable":true,"href":"https:\/\/rvmedia.de\/index.php\/wp-json\/wp\/v2\/media\/15130"}],"wp:attachment":[{"href":"https:\/\/rvmedia.de\/index.php\/wp-json\/wp\/v2\/media?parent=15126"}],"wp:term":[{"taxonomy":"category","embeddable":true,"href":"https:\/\/rvmedia.de\/index.php\/wp-json\/wp\/v2\/categories?post=15126"},{"taxonomy":"post_tag","embeddable":true,"href":"https:\/\/rvmedia.de\/index.php\/wp-json\/wp\/v2\/tags?post=15126"}],"curies":[{"name":"wp","href":"https:\/\/api.w.org\/{rel}","templated":true}]}}