{"id":13515,"date":"2024-09-24T16:27:47","date_gmt":"2024-09-24T14:27:47","guid":{"rendered":"https:\/\/rvmedia.de\/?p=13515"},"modified":"2024-09-24T16:27:48","modified_gmt":"2024-09-24T14:27:48","slug":"gravel-dudes","status":"publish","type":"post","link":"https:\/\/rvmedia.de\/index.php\/2024\/09\/24\/gravel-dudes\/","title":{"rendered":"Gravel Dudes"},"content":{"rendered":"\n<p>Unsere beiden Schotter-Helden <strong>Benedict<\/strong> und <strong>Jakob<\/strong> waren beim <strong>TREK UCI Gravel World Series Girona 2024<\/strong> am Start und die Strecke hatte es echt in sich: 107,22 km lang mit 1828 m H\u00f6henmetern. Das Ganze f\u00fchrte durch eines der ber\u00fchmtesten Gebirge der Region, das Les Gavarres Massif. Gestartet wurde in Jui\u00e0, einem Nachbarort von Girona, auf dem Gel\u00e4nde von C\u00e0rniques Jui\u00e0. Die ersten Kilometer rollte man noch entspannt \u00fcber Asphalt, dann ging es ordentlich bergauf \u2013 ein langer, knackiger Anstieg bis zum Gipfel. Oben \u00fcberquerte man eine Stra\u00dfe und tauchte dann in ein Berggebiet ein. Dort erwarteten einen breite, feste Schotterwege \u2013 perfekt f\u00fcrs graveln. Die Strecke f\u00fchrte durch Felder und l\u00e4ndliche Gegenden, auf denen man erstmal Tempo machen konnte.<\/p>\n\n\n\n<p>Bei Kilometer 46 kam der n\u00e4chste Hammer: ein harter Anstieg hinauf zum Puig d\u2019Arques, einem der h\u00f6chsten Punkte von Les Gavarres auf 533 Metern. Oben angekommen, ging es in einen etwas technischen Downhill, bei dem man wegen des unebenen Gel\u00e4ndes konzentriert bleiben musste. Danach folgte ein st\u00e4ndiges Auf und Ab \u2013 mal l\u00e4nger, mal k\u00fcrzer \u2013 auf breiten Wegen, umgeben von gr\u00fcnem Laub. Anschlie\u00dfend kam ein flaches, schnelles St\u00fcck, auf dem man richtig Gas geben konnte, bevor man den letzten Anstieg des Tages in Angriff nahm. Die Route verlief schlie\u00dflich parallel zum Fluss Ter und brachte einen zum Ziel: dem st\u00e4dtischen Pavillon von Girona-Fontajau, mitten im Sea Otter Europe Girona Costa Brava Festival.<\/p>\n\n\n\n<p><strong>Bei Benedict lief\u2019s.<\/strong> Ganz sicher auch, weil Paris-Roubaix Siegerin <strong>Alison Jackson<\/strong> unmittelbar vor ihm quietschvergn\u00fcgt ihre Kreise zog. So easy ging das f\u00fcr Benedict dann doch nicht, aber er konnte sich bestens an ihrem komplett rosa Outfit orientieren. Leider verlor Benedict gleich zweimal die Kette, die sich dazu noch b\u00f6se verkutzelte. Das hat ihn am Ende sicher locker 15 Minuten gekostet. Ansonsten war\u2019s f\u00fcr seine erst zweite Langdistanz ein cooles Rennen. Am Ende landete er nach 4h29:15.34 auf Platz <strong>62<\/strong>, konnte sich aber leider erneut nicht f\u00fcr die WM qualifizieren. Mund abputzen: Das ist nur aufgeschoben. <strong>Next year, next try.<\/strong> Und <strong>Jakob<\/strong>? Der fuhr ebenfalls ein klasse Rennen. Die ersten drei Rennstunden liefen bestens, danach leerte sich der Tank aber nach und nach; er ist solch langen Distanzen ja auch \u00fcberhaupt nicht gewohnt. Im Gegensatz zu vielen Mitbewerbern hielt sein Material durch und er kam schlie\u00dflich als <strong>75. nach 4h50:48.89<\/strong> ins Ziel.<\/p>\n\n\n\n<p>Super gemacht, Jungs.&nbsp;<\/p>\n\n\n\n<figure class=\"wp-block-gallery has-nested-images columns-default is-cropped wp-block-gallery-1 is-layout-flex wp-block-gallery-is-layout-flex\">\n<figure class=\"wp-block-image size-large\"><a href=\"https:\/\/rvmedia.de\/wp-content\/uploads\/2024\/09\/Bene_Girona_Kette.jpeg\"><img loading=\"lazy\" decoding=\"async\" width=\"789\" height=\"1024\" data-id=\"13518\" src=\"https:\/\/rvmedia.de\/wp-content\/uploads\/2024\/09\/Bene_Girona_Kette.jpeg\" alt=\"\" class=\"wp-image-13518\" srcset=\"https:\/\/rvmedia.de\/wp-content\/uploads\/2024\/09\/Bene_Girona_Kette.jpeg 789w, https:\/\/rvmedia.de\/wp-content\/uploads\/2024\/09\/Bene_Girona_Kette-231x300.jpeg 231w, https:\/\/rvmedia.de\/wp-content\/uploads\/2024\/09\/Bene_Girona_Kette-768x997.jpeg 768w\" sizes=\"auto, (max-width: 789px) 100vw, 789px\" \/><\/a><\/figure>\n\n\n\n<figure class=\"wp-block-image size-large\"><a href=\"https:\/\/rvmedia.de\/wp-content\/uploads\/2024\/09\/Bene_Giro_Alison.jpeg\"><img loading=\"lazy\" decoding=\"async\" width=\"575\" height=\"1024\" data-id=\"13516\" src=\"https:\/\/rvmedia.de\/wp-content\/uploads\/2024\/09\/Bene_Giro_Alison.jpeg\" alt=\"\" class=\"wp-image-13516\" srcset=\"https:\/\/rvmedia.de\/wp-content\/uploads\/2024\/09\/Bene_Giro_Alison.jpeg 575w, https:\/\/rvmedia.de\/wp-content\/uploads\/2024\/09\/Bene_Giro_Alison-168x300.jpeg 168w\" sizes=\"auto, (max-width: 575px) 100vw, 575px\" \/><\/a><figcaption class=\"wp-element-caption\">Pic: https:\/\/www.instagram.com\/fantasygravel<\/figcaption><\/figure>\n<\/figure>\n","protected":false},"excerpt":{"rendered":"<p>Unsere beiden Schotter-Helden Benedict und Jakob waren beim TREK UCI Gravel World Series Girona 2024 am Start und die Strecke hatte es echt in sich: 107,22 km lang mit 1828 m H\u00f6henmetern. Das Ganze f\u00fchrte durch eines der ber\u00fchmtesten Gebirge der Region, das Les Gavarres Massif. Gestartet wurde in Jui\u00e0, einem Nachbarort von Girona, auf [&hellip;]<\/p>\n","protected":false},"author":1,"featured_media":13517,"comment_status":"closed","ping_status":"open","sticky":false,"template":"","format":"standard","meta":{"ngg_post_thumbnail":0,"footnotes":""},"categories":[1],"tags":[],"class_list":["post-13515","post","type-post","status-publish","format-standard","has-post-thumbnail","hentry","category-allgemein"],"_links":{"self":[{"href":"https:\/\/rvmedia.de\/index.php\/wp-json\/wp\/v2\/posts\/13515","targetHints":{"allow":["GET"]}}],"collection":[{"href":"https:\/\/rvmedia.de\/index.php\/wp-json\/wp\/v2\/posts"}],"about":[{"href":"https:\/\/rvmedia.de\/index.php\/wp-json\/wp\/v2\/types\/post"}],"author":[{"embeddable":true,"href":"https:\/\/rvmedia.de\/index.php\/wp-json\/wp\/v2\/users\/1"}],"replies":[{"embeddable":true,"href":"https:\/\/rvmedia.de\/index.php\/wp-json\/wp\/v2\/comments?post=13515"}],"version-history":[{"count":2,"href":"https:\/\/rvmedia.de\/index.php\/wp-json\/wp\/v2\/posts\/13515\/revisions"}],"predecessor-version":[{"id":13520,"href":"https:\/\/rvmedia.de\/index.php\/wp-json\/wp\/v2\/posts\/13515\/revisions\/13520"}],"wp:featuredmedia":[{"embeddable":true,"href":"https:\/\/rvmedia.de\/index.php\/wp-json\/wp\/v2\/media\/13517"}],"wp:attachment":[{"href":"https:\/\/rvmedia.de\/index.php\/wp-json\/wp\/v2\/media?parent=13515"}],"wp:term":[{"taxonomy":"category","embeddable":true,"href":"https:\/\/rvmedia.de\/index.php\/wp-json\/wp\/v2\/categories?post=13515"},{"taxonomy":"post_tag","embeddable":true,"href":"https:\/\/rvmedia.de\/index.php\/wp-json\/wp\/v2\/tags?post=13515"}],"curies":[{"name":"wp","href":"https:\/\/api.w.org\/{rel}","templated":true}]}}