{"id":12956,"date":"2024-03-05T09:15:52","date_gmt":"2024-03-05T08:15:52","guid":{"rendered":"https:\/\/rvmedia.de\/?p=12956"},"modified":"2024-03-05T09:15:53","modified_gmt":"2024-03-05T08:15:53","slug":"jakob-beim-weser-ems-cup","status":"publish","type":"post","link":"https:\/\/rvmedia.de\/index.php\/2024\/03\/05\/jakob-beim-weser-ems-cup\/","title":{"rendered":"Jakob beim Weser-Ems-Cup"},"content":{"rendered":"\n<p>Noch einmal Cross in Engter beim Weser-Ems-Cup und <strong>Jakob<\/strong> bei der <strong>M\u00e4nner Elite<\/strong> mit dabei. Da er in der Cup-Wertung bereits einige Punkte hat sammeln k\u00f6nnen, ging es f\u00fcr ihn aus der Startreihe 1 ins Rennen. Der ber\u00fchmte Platz an der Sonne, der im Cyclocross so hei\u00df begehrt ist. Jakob erwischte einen perfekten Start und sprintete direkt an Position 2, um sich dort die ersten wichtigen Meter zu halten und erst gar nicht in ein m\u00f6gliches Kuddelmuddel in den folgenden technischen Passagen zu kommen; viele kleine Kurven und eine Sanddurchfahrt inklusive. Das klappte auch eine Weile hervorragend, bis die starken Jungs von hinten kamen und er etwas durchgereicht wurde. Auf Platz 8 liegend, hatte er einige Attacken von hinten abzuwehren\u00a0&#8211; das klappte perfekt. Weniger perfekt dann, dass in der vorletzten Runde die Kette abflog. Aber auch das konnte Jakob nicht aufhalten und seine guten Beine an dem Tag brachten ihn auf <strong>Platz 8 <\/strong>durchs Ziel. Eine schicke Top-10-Platzierung, die ihn in der Gesamtwertung auf Platz 15 von 57 aufr\u00fccken lie\u00df. Starke Leistung, Jakob.<\/p>\n\n\n\n<figure class=\"wp-block-image size-full\"><img loading=\"lazy\" decoding=\"async\" width=\"697\" height=\"1024\" src=\"https:\/\/rvmedia.de\/wp-content\/uploads\/2024\/03\/Engter_JZ_2.jpg\" alt=\"\" class=\"wp-image-12957\" style=\"object-fit:cover\" srcset=\"https:\/\/rvmedia.de\/wp-content\/uploads\/2024\/03\/Engter_JZ_2.jpg 697w, https:\/\/rvmedia.de\/wp-content\/uploads\/2024\/03\/Engter_JZ_2-204x300.jpg 204w\" sizes=\"auto, (max-width: 697px) 100vw, 697px\" \/><\/figure>\n","protected":false},"excerpt":{"rendered":"<p>Noch einmal Cross in Engter beim Weser-Ems-Cup und Jakob bei der M\u00e4nner Elite mit dabei. Da er in der Cup-Wertung bereits einige Punkte hat sammeln k\u00f6nnen, ging es f\u00fcr ihn aus der Startreihe 1 ins Rennen. Der ber\u00fchmte Platz an der Sonne, der im Cyclocross so hei\u00df begehrt ist. Jakob erwischte einen perfekten Start und [&hellip;]<\/p>\n","protected":false},"author":1,"featured_media":12958,"comment_status":"closed","ping_status":"open","sticky":false,"template":"","format":"standard","meta":{"ngg_post_thumbnail":0,"footnotes":""},"categories":[3,9],"tags":[],"class_list":["post-12956","post","type-post","status-publish","format-standard","has-post-thumbnail","hentry","category-cross","category-rennsport"],"_links":{"self":[{"href":"https:\/\/rvmedia.de\/index.php\/wp-json\/wp\/v2\/posts\/12956","targetHints":{"allow":["GET"]}}],"collection":[{"href":"https:\/\/rvmedia.de\/index.php\/wp-json\/wp\/v2\/posts"}],"about":[{"href":"https:\/\/rvmedia.de\/index.php\/wp-json\/wp\/v2\/types\/post"}],"author":[{"embeddable":true,"href":"https:\/\/rvmedia.de\/index.php\/wp-json\/wp\/v2\/users\/1"}],"replies":[{"embeddable":true,"href":"https:\/\/rvmedia.de\/index.php\/wp-json\/wp\/v2\/comments?post=12956"}],"version-history":[{"count":1,"href":"https:\/\/rvmedia.de\/index.php\/wp-json\/wp\/v2\/posts\/12956\/revisions"}],"predecessor-version":[{"id":12959,"href":"https:\/\/rvmedia.de\/index.php\/wp-json\/wp\/v2\/posts\/12956\/revisions\/12959"}],"wp:featuredmedia":[{"embeddable":true,"href":"https:\/\/rvmedia.de\/index.php\/wp-json\/wp\/v2\/media\/12958"}],"wp:attachment":[{"href":"https:\/\/rvmedia.de\/index.php\/wp-json\/wp\/v2\/media?parent=12956"}],"wp:term":[{"taxonomy":"category","embeddable":true,"href":"https:\/\/rvmedia.de\/index.php\/wp-json\/wp\/v2\/categories?post=12956"},{"taxonomy":"post_tag","embeddable":true,"href":"https:\/\/rvmedia.de\/index.php\/wp-json\/wp\/v2\/tags?post=12956"}],"curies":[{"name":"wp","href":"https:\/\/api.w.org\/{rel}","templated":true}]}}