{"id":12852,"date":"2023-11-12T10:16:38","date_gmt":"2023-11-12T09:16:38","guid":{"rendered":"https:\/\/rvmedia.de\/?p=12852"},"modified":"2023-11-12T10:17:22","modified_gmt":"2023-11-12T09:17:22","slug":"gutes-pflaster","status":"publish","type":"post","link":"https:\/\/rvmedia.de\/index.php\/2023\/11\/12\/gutes-pflaster\/","title":{"rendered":"Gutes Pflaster"},"content":{"rendered":"\n<p>Erfurt und Cross \u2013 das passt. Die Rennen sind immer vom&nbsp;<em><a href=\"https:\/\/gutelaunesport.de\" target=\"_blank\" rel=\"noopener\" title=\"\">Gute Laune Sport e.&nbsp;V.<\/a>&nbsp;<\/em>exzellent organisiert und die Teilnehmerfelder sowohl in Quantit\u00e4t als auch Qualit\u00e4t prima. Das sieht man so nicht allzu oft. Um es kurz zu machen: Macht einfach Spa\u00df in Erfurt.<\/p>\n\n\n\n<p>Samstag waren <strong>Holger<\/strong> in der Masters 3, <strong>Jasmin<\/strong> in der Frauen Elite, <strong>Andr\u00e9<\/strong> in der M\u00e4nner Elite und <strong>Gustav<\/strong> in der U15 am Start. Im kommenden Jahr sollten wir mehr \u201etrommeln\u201c, damit noch mehr Blau-Gelbe am Start stehen. Aber wir wollen nicht meckern. Die Strecke: die bew\u00e4hrte Runde mit dem kleinen, fiesen Kick nach dem Start, den technischen Teil durch den Wald dem Doppelhindernis und dann scharf links auf die Zielgerade; beste Wetterbedingungen dazu \u2013 besser geht\u2019s kaum.&nbsp;<\/p>\n\n\n\n<p><strong>Holger<\/strong> hatte 19 Konkurrenten in seiner Klasse ordentlich zu tun. Schnell noch ein Sch\u00e4tzchen plus Foto mit J\u00fcrgen Schwarz und mit dem Namenszwilling und ab ging\u2019s. Nach einer Winzigkeit mehr als 47 Minuten kommt Holger mit einer blitzsauberen Top-Ten-Platzierung <strong>als Neunter ins Ziel.<\/strong> Nach vorn w\u00e4ren 45er-Zeiten zu fahren gewesen, nach hinten hatte er zwei Minuten auf Platz zw\u00f6lf. Im Ziel ein richtig zufriedener Holger, so einen m\u00f6chten wir noch viel mehr sehen. Es geht doch.<\/p>\n\n\n\n<p>Ab die Post mit <strong>Jasmin<\/strong> in der Elite Frauen. Etwas ungl\u00fccklich das Timing des Rennens, denn es ging mit der gesamten U17 (zwei Minuten Zeitvorgabe) auf die Strecke. Das f\u00fchrt im Verlauf zu einigem \u00dcberholchaos. Jasmin hielt sich erst mal etwas raus, kam dann aber immer besser ins Rollen und arbeitete sich St\u00fcck f\u00fcr St\u00fcck vor. Das Podium war zwar einen Tick zu weit weg, aber ein einwandfreier <strong>vierter Platz<\/strong>, das ist doch was. Top.<\/p>\n\n\n\n<p><strong>Andr\u00e9<\/strong> sitzt gerade wieder in hervorragender Form auf dem Rad, da h\u00e4tte was herausspringen k\u00f6nnen. H\u00e4tte, h\u00e4tte, Fahrradkette. Mehr als 40 Fahrer am Start machte es quirlig und voll. Sofort ging es mit Vollgas los und Andr\u00e9 sofort vorn mit dabei. Es sah richtig gut aus und dann \u2013&nbsp;Kette runter und komplett durchgereicht. Bitter. Also wieder nach vorn arbeiten. Das war aber bei so vielen Fahrern ein Ding der Unm\u00f6glichkeit, Andr\u00e9 stand an manchen Stellen einfach im Stau.<strong> Im Ziel als 17.<\/strong> So ist das manchmal.&nbsp;<\/p>\n\n\n\n<p>Unser Mann des Tages in Blau-Gelb war dann <strong>Gustav<\/strong>. Die Absprachen im Voraus waren eindeutig: \u201e\u00dcbertreib es nicht, du bist nicht 100 % fit, solltest du merken, dass irgendwas nicht rund l\u00e4uft, geh sofort aus dem Rennen. Und fahr mit K\u00f6pfchen.\u201c Und was soll man sagen? Gustav hielt sich an die Spielregeln \u2013&nbsp;und wie. 33 Starter in der Klasse U15, was ein grandioser Wert. Los ging\u2019s und \u2026 Gustav kam nicht ins Pedal. Kaum zu glauben, aber so was passiert selbst den Besten. Vorn ging es bereits wild ab, Gustav aber \u00fcberholte gezielt und rhythmisch Fahrer um Fahrer, bis er in der Spitzengruppe ankam. Danach entbrannte ein Kampf an der Spitze, der von zahlreichen St\u00fcrzen gepr\u00e4gt war. Gustav lag selbst zweimal auf dem Boden, kam aber schnell wieder ran. An den passenden Stellen spielte er seine gro\u00dfe Kraft aus und zog m\u00e4chtig an, sicher kein Spa\u00df f\u00fcr seine Konkurrenten. Dann kam das Ziel in Sicht. Gustav von vorn in den letzten technischen Sektoren und mit dem Wissen, dass zwar andere dort schneller sind, er aber \u201enur\u201c ohne Sturz durchkommen musste, um danach die Konkurrenz wieder distanzieren zu k\u00f6nnen. So kam es auch. Die Meute kam n\u00e4her, aber ganz cool von Gustav auf der Zielgeraden von vorn noch mal kurz angetreten et voil\u00e0: <strong>ein ganz, ganz feiner Sieg<\/strong>. Toll.&nbsp;<\/p>\n\n\n\n<figure class=\"wp-block-gallery has-nested-images columns-default is-cropped wp-block-gallery-1 is-layout-flex wp-block-gallery-is-layout-flex\">\n<figure class=\"wp-block-image size-large\"><a href=\"https:\/\/rvmedia.de\/wp-content\/uploads\/2023\/11\/erfurt_cx3.jpg\"><img loading=\"lazy\" decoding=\"async\" width=\"1024\" height=\"768\" data-id=\"12854\" src=\"https:\/\/rvmedia.de\/wp-content\/uploads\/2023\/11\/erfurt_cx3.jpg\" alt=\"\" class=\"wp-image-12854\" srcset=\"https:\/\/rvmedia.de\/wp-content\/uploads\/2023\/11\/erfurt_cx3.jpg 1024w, https:\/\/rvmedia.de\/wp-content\/uploads\/2023\/11\/erfurt_cx3-300x225.jpg 300w, https:\/\/rvmedia.de\/wp-content\/uploads\/2023\/11\/erfurt_cx3-768x576.jpg 768w\" sizes=\"auto, (max-width: 1024px) 100vw, 1024px\" \/><\/a><\/figure>\n\n\n\n<figure class=\"wp-block-image size-large\"><a href=\"https:\/\/rvmedia.de\/wp-content\/uploads\/2023\/11\/Erfurt_cx1.jpg\"><img loading=\"lazy\" decoding=\"async\" width=\"1024\" height=\"768\" data-id=\"12856\" src=\"https:\/\/rvmedia.de\/wp-content\/uploads\/2023\/11\/Erfurt_cx1.jpg\" alt=\"\" class=\"wp-image-12856\" srcset=\"https:\/\/rvmedia.de\/wp-content\/uploads\/2023\/11\/Erfurt_cx1.jpg 1024w, https:\/\/rvmedia.de\/wp-content\/uploads\/2023\/11\/Erfurt_cx1-300x225.jpg 300w, https:\/\/rvmedia.de\/wp-content\/uploads\/2023\/11\/Erfurt_cx1-768x576.jpg 768w\" sizes=\"auto, (max-width: 1024px) 100vw, 1024px\" \/><\/a><\/figure>\n\n\n\n<figure class=\"wp-block-image size-large\"><a href=\"https:\/\/rvmedia.de\/wp-content\/uploads\/2023\/11\/erfurt_cx4.jpeg\"><img loading=\"lazy\" decoding=\"async\" width=\"768\" height=\"1024\" data-id=\"12853\" src=\"https:\/\/rvmedia.de\/wp-content\/uploads\/2023\/11\/erfurt_cx4.jpeg\" alt=\"\" class=\"wp-image-12853\" srcset=\"https:\/\/rvmedia.de\/wp-content\/uploads\/2023\/11\/erfurt_cx4.jpeg 768w, https:\/\/rvmedia.de\/wp-content\/uploads\/2023\/11\/erfurt_cx4-225x300.jpeg 225w\" sizes=\"auto, (max-width: 768px) 100vw, 768px\" \/><\/a><\/figure>\n<\/figure>\n","protected":false},"excerpt":{"rendered":"<p>Erfurt und Cross \u2013 das passt. Die Rennen sind immer vom&nbsp;Gute Laune Sport e.&nbsp;V.&nbsp;exzellent organisiert und die Teilnehmerfelder sowohl in Quantit\u00e4t als auch Qualit\u00e4t prima. Das sieht man so nicht allzu oft. Um es kurz zu machen: Macht einfach Spa\u00df in Erfurt. Samstag waren Holger in der Masters 3, Jasmin in der Frauen Elite, Andr\u00e9 [&hellip;]<\/p>\n","protected":false},"author":1,"featured_media":12855,"comment_status":"closed","ping_status":"open","sticky":false,"template":"","format":"standard","meta":{"ngg_post_thumbnail":0,"footnotes":""},"categories":[3,7],"tags":[],"class_list":["post-12852","post","type-post","status-publish","format-standard","has-post-thumbnail","hentry","category-cross","category-nachwuchs"],"_links":{"self":[{"href":"https:\/\/rvmedia.de\/index.php\/wp-json\/wp\/v2\/posts\/12852","targetHints":{"allow":["GET"]}}],"collection":[{"href":"https:\/\/rvmedia.de\/index.php\/wp-json\/wp\/v2\/posts"}],"about":[{"href":"https:\/\/rvmedia.de\/index.php\/wp-json\/wp\/v2\/types\/post"}],"author":[{"embeddable":true,"href":"https:\/\/rvmedia.de\/index.php\/wp-json\/wp\/v2\/users\/1"}],"replies":[{"embeddable":true,"href":"https:\/\/rvmedia.de\/index.php\/wp-json\/wp\/v2\/comments?post=12852"}],"version-history":[{"count":2,"href":"https:\/\/rvmedia.de\/index.php\/wp-json\/wp\/v2\/posts\/12852\/revisions"}],"predecessor-version":[{"id":12858,"href":"https:\/\/rvmedia.de\/index.php\/wp-json\/wp\/v2\/posts\/12852\/revisions\/12858"}],"wp:featuredmedia":[{"embeddable":true,"href":"https:\/\/rvmedia.de\/index.php\/wp-json\/wp\/v2\/media\/12855"}],"wp:attachment":[{"href":"https:\/\/rvmedia.de\/index.php\/wp-json\/wp\/v2\/media?parent=12852"}],"wp:term":[{"taxonomy":"category","embeddable":true,"href":"https:\/\/rvmedia.de\/index.php\/wp-json\/wp\/v2\/categories?post=12852"},{"taxonomy":"post_tag","embeddable":true,"href":"https:\/\/rvmedia.de\/index.php\/wp-json\/wp\/v2\/tags?post=12852"}],"curies":[{"name":"wp","href":"https:\/\/api.w.org\/{rel}","templated":true}]}}