{"id":12499,"date":"2023-06-19T12:45:53","date_gmt":"2023-06-19T10:45:53","guid":{"rendered":"https:\/\/rvmedia.de\/?p=12499"},"modified":"2023-06-19T12:45:54","modified_gmt":"2023-06-19T10:45:54","slug":"2x-geck-podium","status":"publish","type":"post","link":"https:\/\/rvmedia.de\/index.php\/2023\/06\/19\/2x-geck-podium\/","title":{"rendered":"2x Geck = Podium"},"content":{"rendered":"\n<p>Im oberfr\u00e4nkischen Trieb starteten Carsten und Silja Geck beim zweiten Rennen der Enduro One Serie. F\u00fcr unsere U19-Fahrerin Silja galt es, sich erneut in der Frauenklasse zu behaupten. Keine einfache Aufgabe, denn die 30 Kilometer lange Strecke mit 900 H\u00f6henmetern, einem Prolog und f\u00fcnf Wertungsstages entpuppte sich bei sehr hohen Temperaturen als enorm tretlastig und staubig. F\u00fcr Silja lief bereits der Prolog perfekt. Sie gewann und durfte entsprechend als Erste die Aufstellung am Start anf\u00fchren. Die weiteren Stages waren hart und anspruchsvoll; Silja schrammte ganz knapp am zweiten Platz vorbei, belohnte sie sich mit Platz Drei aber am Ende f\u00fcr Ihren starken Auftritt. Bei den noch ausstehenden drei Rennen der Serie ist noch alles m\u00f6glich. Aktuell belegt Silja Platz zwei im Klassement. Souver\u00e4n in Front liegt Carsten Geck in der Mastersklasse. Nicht nur der Lauf in Trieb war mit dem Sieg unter seiner Kontrolle, auch die Gesamtwertung wird er am kommenden Wochenende in Ro\u00dfbach beim dritten Lauf verteidigen d\u00fcrfen.\u00a0<\/p>\n\n\n\n<p>Coole Racepics von ocrbilder.de \u2013 grazie mille<\/p>\n\n\n\n<figure class=\"wp-block-gallery has-nested-images columns-default is-cropped wp-block-gallery-1 is-layout-flex wp-block-gallery-is-layout-flex\">\n<figure class=\"wp-block-image size-large\"><a href=\"https:\/\/rvmedia.de\/wp-content\/uploads\/2023\/06\/Siegerehrung-Silja-Women.jpg\"><img loading=\"lazy\" decoding=\"async\" width=\"1024\" height=\"684\" data-id=\"12500\" src=\"https:\/\/rvmedia.de\/wp-content\/uploads\/2023\/06\/Siegerehrung-Silja-Women.jpg\" alt=\"\" class=\"wp-image-12500\" srcset=\"https:\/\/rvmedia.de\/wp-content\/uploads\/2023\/06\/Siegerehrung-Silja-Women.jpg 1024w, https:\/\/rvmedia.de\/wp-content\/uploads\/2023\/06\/Siegerehrung-Silja-Women-300x200.jpg 300w, https:\/\/rvmedia.de\/wp-content\/uploads\/2023\/06\/Siegerehrung-Silja-Women-768x513.jpg 768w\" sizes=\"auto, (max-width: 1024px) 100vw, 1024px\" \/><\/a><\/figure>\n\n\n\n<figure class=\"wp-block-image size-large\"><a href=\"https:\/\/rvmedia.de\/wp-content\/uploads\/2023\/06\/Siegerehrung-Carsten-Masters.jpg\"><img loading=\"lazy\" decoding=\"async\" width=\"1024\" height=\"680\" data-id=\"12503\" src=\"https:\/\/rvmedia.de\/wp-content\/uploads\/2023\/06\/Siegerehrung-Carsten-Masters.jpg\" alt=\"\" class=\"wp-image-12503\" srcset=\"https:\/\/rvmedia.de\/wp-content\/uploads\/2023\/06\/Siegerehrung-Carsten-Masters.jpg 1024w, https:\/\/rvmedia.de\/wp-content\/uploads\/2023\/06\/Siegerehrung-Carsten-Masters-300x199.jpg 300w, https:\/\/rvmedia.de\/wp-content\/uploads\/2023\/06\/Siegerehrung-Carsten-Masters-768x510.jpg 768w\" sizes=\"auto, (max-width: 1024px) 100vw, 1024px\" \/><\/a><\/figure>\n\n\n\n<figure class=\"wp-block-image size-large\"><a href=\"https:\/\/rvmedia.de\/wp-content\/uploads\/2023\/06\/ocr-bilder_Enduro-One-Trieb-Samstag-R6-1488_L-max.-3000px-_04f078a0_.jpg\"><img loading=\"lazy\" decoding=\"async\" width=\"1024\" height=\"683\" data-id=\"12504\" src=\"https:\/\/rvmedia.de\/wp-content\/uploads\/2023\/06\/ocr-bilder_Enduro-One-Trieb-Samstag-R6-1488_L-max.-3000px-_04f078a0_.jpg\" alt=\"\" class=\"wp-image-12504\" srcset=\"https:\/\/rvmedia.de\/wp-content\/uploads\/2023\/06\/ocr-bilder_Enduro-One-Trieb-Samstag-R6-1488_L-max.-3000px-_04f078a0_.jpg 1024w, https:\/\/rvmedia.de\/wp-content\/uploads\/2023\/06\/ocr-bilder_Enduro-One-Trieb-Samstag-R6-1488_L-max.-3000px-_04f078a0_-300x200.jpg 300w, https:\/\/rvmedia.de\/wp-content\/uploads\/2023\/06\/ocr-bilder_Enduro-One-Trieb-Samstag-R6-1488_L-max.-3000px-_04f078a0_-768x512.jpg 768w\" sizes=\"auto, (max-width: 1024px) 100vw, 1024px\" \/><\/a><\/figure>\n<\/figure>\n","protected":false},"excerpt":{"rendered":"<p>Im oberfr\u00e4nkischen Trieb starteten Carsten und Silja Geck beim zweiten Rennen der Enduro One Serie. F\u00fcr unsere U19-Fahrerin Silja galt es, sich erneut in der Frauenklasse zu behaupten. Keine einfache Aufgabe, denn die 30 Kilometer lange Strecke mit 900 H\u00f6henmetern, einem Prolog und f\u00fcnf Wertungsstages entpuppte sich bei sehr hohen Temperaturen als enorm tretlastig und [&hellip;]<\/p>\n","protected":false},"author":1,"featured_media":12501,"comment_status":"closed","ping_status":"open","sticky":false,"template":"","format":"standard","meta":{"ngg_post_thumbnail":0,"footnotes":""},"categories":[9],"tags":[],"class_list":["post-12499","post","type-post","status-publish","format-standard","has-post-thumbnail","hentry","category-rennsport"],"_links":{"self":[{"href":"https:\/\/rvmedia.de\/index.php\/wp-json\/wp\/v2\/posts\/12499","targetHints":{"allow":["GET"]}}],"collection":[{"href":"https:\/\/rvmedia.de\/index.php\/wp-json\/wp\/v2\/posts"}],"about":[{"href":"https:\/\/rvmedia.de\/index.php\/wp-json\/wp\/v2\/types\/post"}],"author":[{"embeddable":true,"href":"https:\/\/rvmedia.de\/index.php\/wp-json\/wp\/v2\/users\/1"}],"replies":[{"embeddable":true,"href":"https:\/\/rvmedia.de\/index.php\/wp-json\/wp\/v2\/comments?post=12499"}],"version-history":[{"count":1,"href":"https:\/\/rvmedia.de\/index.php\/wp-json\/wp\/v2\/posts\/12499\/revisions"}],"predecessor-version":[{"id":12505,"href":"https:\/\/rvmedia.de\/index.php\/wp-json\/wp\/v2\/posts\/12499\/revisions\/12505"}],"wp:featuredmedia":[{"embeddable":true,"href":"https:\/\/rvmedia.de\/index.php\/wp-json\/wp\/v2\/media\/12501"}],"wp:attachment":[{"href":"https:\/\/rvmedia.de\/index.php\/wp-json\/wp\/v2\/media?parent=12499"}],"wp:term":[{"taxonomy":"category","embeddable":true,"href":"https:\/\/rvmedia.de\/index.php\/wp-json\/wp\/v2\/categories?post=12499"},{"taxonomy":"post_tag","embeddable":true,"href":"https:\/\/rvmedia.de\/index.php\/wp-json\/wp\/v2\/tags?post=12499"}],"curies":[{"name":"wp","href":"https:\/\/api.w.org\/{rel}","templated":true}]}}