{"id":12418,"date":"2023-05-15T19:00:00","date_gmt":"2023-05-15T17:00:00","guid":{"rendered":"https:\/\/rvmedia.de\/?p=12418"},"modified":"2023-05-15T15:28:51","modified_gmt":"2023-05-15T13:28:51","slug":"tmp-jugendtour-2023","status":"publish","type":"post","link":"https:\/\/rvmedia.de\/index.php\/2023\/05\/15\/tmp-jugendtour-2023\/","title":{"rendered":"TMP Jugendtour 2023"},"content":{"rendered":"\n<p>Die \u201eKleine Friedensfahrt\u201c f\u00fcr die U15 und U17 ist deutschlandweit ein echter Knaller im Rennkalender. Es ist DAS Rennen mit dem feinsten Starterfeld. Mehr geht kaum f\u00fcr die Kids. Umso sch\u00f6ner, dass <strong>Joshua<\/strong> und <strong>Gustav<\/strong> die blau-gelben Farben dabei in diesem Jahr hochhalten durften. Es gibt einige Unterschiede bei den beiden, aber auch viele Gemeinsamkeiten. So haben beide \u2013\u00a0plus <strong>Niklas<\/strong>, den Dritten im Bunde, aber noch (!) nicht ganz so weit \u2013\u00a0eine fulminante Entwicklung in den vergangenen Monaten gezeigt. Alle drei sind enorm trainingsflei\u00dfig und besonders weit in der mentalen Entwicklung, was zu diesen Top-Resultaten aktuell f\u00fchrt. Gustavs Sprung machte ihn zum Siegfahrer in kleineren Rennen und so wollte er sich auch bei der TMP-Tour trotz seines j\u00fcngsten Jahrgangs im Feld beweisen. Joshua ist zwar noch nicht im \u201eSiegmodus\u201c, aber man bekommt ihn von Rennen zu Rennen immer schwererer vom eigenen Hinterrad. Plan war es, auch in diesen Rennen eine Gruppe zu halten und viele wertvolle Rennkilometer auf h\u00f6chstem Niveau abzuspulen. Beide haben ihre Aufgaben grandios gemeistert.\u00a0<\/p>\n\n\n\n<p>In der <strong>U15<\/strong> fuhr <strong>Gustav<\/strong> im Trikot des Landesverbands vier Rennen an drei Tagen: Prolog, Einzelzeitfahren sowie zwei Rundstreckenrennen. Gesamte Renndistanz an diesen Tagen: 78,5 Kilometer. In der Gesamtwertung schaffte es Gustav auf einen exzellenten <strong>24. Platz<\/strong>. Sein R\u00fcckstand auf den Sieger betrug gerade einmal 1:21 Minuten. Mit weitem Abstand bester Hesse in dem Tableau mit am Ende 87 Fahrern. Hinzu kommt, dass nur noch zwei Fahrer in seinem j\u00fcngsten Jahrgang vor ihm im Ergebnis sind. Das gerade dies ihn auch noch etwas \u00e4rgert, zeigt seine ungeheure Motivation. Aber: Der \u00c4rger ist unangebracht, die Leistung ist grandios.\u00a0<\/p>\n\n\n\n<p><strong>Joshua<\/strong> hatte in der <strong>U17<\/strong> den Sprung in de LV-Kader zwar nicht ganz geschafft, kam aber als Ersatzfahrer ebenfalls in den \u201eGenuss\u201c der vier anstrengenden Rennen. Wer die letzten Artikel zu den U17-Feldern nicht gelesen hat: exquisite Fahrer und m\u00e4chtig schnelle Beine. Die Leistungen der Top-Jungs sind zum F\u00fcrchten gut. Wie sch\u00f6n, dass Joshua als <strong>92. <\/strong>im Endergebnis seine Leistungsf\u00e4higkeit eindrucksvoll in Szene setzen konnte. Nach insgesamt 123,3 Kilometern betrug der R\u00fcckstand 18:50 Minuten. Immer fand Joshua gro\u00dfe Gruppen, mit denen er ins Ziel kam. Zu keinem Zeitpunkt ging es darum, hinten herauszufallen oder gar aus dem Rennen genommen zu werden. Alle Achtung.\u00a0<\/p>\n\n\n\n<p><strong>Die blau-gelbe Fanbase freut sich mit euch. Habt ihr wunderbar gemacht.\u00a0<\/strong><\/p>\n\n\n\n<p>Unser gro\u00dfer Dank gilt dem Ausrichter, dem<a href=\"https:\/\/www.rsc-waltershausen-gotha.de\" target=\"_blank\" rel=\"noopener\" title=\"\"> Radsportclub Waltershausen-Gotha <\/a>sowie seinen starken <strong>Sponsoren<\/strong> mit dem Namensgeber TMP Fenster + T\u00fcren. Und weil es eine solch tolle Veranstaltung ist, wollen wir auch mal die weiteren Sponsoren nennen (Auch Lust auf umfassendes Sponsoring und so ein \u201eDickes Ding\u201c in Kassel? Wir k\u00f6nnen Veranstaltungen, einfach bei uns melden): Stadt Gotha, B&amp;H Spedition, EHP Blechbearbeitungsmaschinen, diedrichs optik, Pudack &amp; Pudack Spanndecken, TechnoBlech GmbH, Hornschuh Stahl- und Hallenbau sowie Hergl Druckerei. Applaus f\u00fcr alle.\u00a0<\/p>\n\n\n\n<p> <\/p>\n","protected":false},"excerpt":{"rendered":"<p>Die \u201eKleine Friedensfahrt\u201c f\u00fcr die U15 und U17 ist deutschlandweit ein echter Knaller im Rennkalender. Es ist DAS Rennen mit dem feinsten Starterfeld. Mehr geht kaum f\u00fcr die Kids. Umso sch\u00f6ner, dass Joshua und Gustav die blau-gelben Farben dabei in diesem Jahr hochhalten durften. Es gibt einige Unterschiede bei den beiden, aber auch viele Gemeinsamkeiten. [&hellip;]<\/p>\n","protected":false},"author":1,"featured_media":12420,"comment_status":"closed","ping_status":"open","sticky":false,"template":"","format":"standard","meta":{"ngg_post_thumbnail":0,"footnotes":""},"categories":[7,9],"tags":[],"class_list":["post-12418","post","type-post","status-publish","format-standard","has-post-thumbnail","hentry","category-nachwuchs","category-rennsport"],"_links":{"self":[{"href":"https:\/\/rvmedia.de\/index.php\/wp-json\/wp\/v2\/posts\/12418","targetHints":{"allow":["GET"]}}],"collection":[{"href":"https:\/\/rvmedia.de\/index.php\/wp-json\/wp\/v2\/posts"}],"about":[{"href":"https:\/\/rvmedia.de\/index.php\/wp-json\/wp\/v2\/types\/post"}],"author":[{"embeddable":true,"href":"https:\/\/rvmedia.de\/index.php\/wp-json\/wp\/v2\/users\/1"}],"replies":[{"embeddable":true,"href":"https:\/\/rvmedia.de\/index.php\/wp-json\/wp\/v2\/comments?post=12418"}],"version-history":[{"count":1,"href":"https:\/\/rvmedia.de\/index.php\/wp-json\/wp\/v2\/posts\/12418\/revisions"}],"predecessor-version":[{"id":12421,"href":"https:\/\/rvmedia.de\/index.php\/wp-json\/wp\/v2\/posts\/12418\/revisions\/12421"}],"wp:featuredmedia":[{"embeddable":true,"href":"https:\/\/rvmedia.de\/index.php\/wp-json\/wp\/v2\/media\/12420"}],"wp:attachment":[{"href":"https:\/\/rvmedia.de\/index.php\/wp-json\/wp\/v2\/media?parent=12418"}],"wp:term":[{"taxonomy":"category","embeddable":true,"href":"https:\/\/rvmedia.de\/index.php\/wp-json\/wp\/v2\/categories?post=12418"},{"taxonomy":"post_tag","embeddable":true,"href":"https:\/\/rvmedia.de\/index.php\/wp-json\/wp\/v2\/tags?post=12418"}],"curies":[{"name":"wp","href":"https:\/\/api.w.org\/{rel}","templated":true}]}}